{"id":2717,"date":"2025-02-18T03:42:39","date_gmt":"2025-02-18T02:42:39","guid":{"rendered":"https:\/\/periodicolarepublica.com\/?p=2717"},"modified":"2025-02-18T03:42:39","modified_gmt":"2025-02-18T02:42:39","slug":"hernandez-alberto-respalda-decreto-contra-la-corrupcion","status":"publish","type":"post","link":"https:\/\/periodicolarepublica.com\/index.php\/2025\/02\/18\/hernandez-alberto-respalda-decreto-contra-la-corrupcion\/","title":{"rendered":"Hern\u00e1ndez Alberto respalda decreto contra la corrupci\u00f3n"},"content":{"rendered":"<p>Santo Domingo, R.D.- El dirigente del Partido Revolucionario Moderno (PRM), ingeniero Tom\u00e1s Hern\u00e1ndez Alberto dio su apoyo al reciente decreto firmado por el presidente Luis Abinader, sobre la creaci\u00f3n de la Comisi\u00f3n Presidencial de Transparencia y Anticorrupci\u00f3n.<img loading=\"lazy\" decoding=\"async\" class=\"alignnone size-medium wp-image-2718\" src=\"https:\/\/periodicolarepublica.com\/wp-content\/uploads\/2025\/02\/SaveClip.App_424637916_915868346515345_6209415401388456024_n-300x300.jpg\" alt=\"\" width=\"300\" height=\"300\" \/><\/p>\n<p>Hern\u00e1ndez Alberto, consider\u00f3 como un importante paso la medida que refleja el compromiso genuino de Abinader en la lucha contra la corrupci\u00f3n en el pa\u00eds.<\/p>\n<p>En ese sentido, hizo hincapi\u00e9 en la importancia de la participaci\u00f3n ciudadana en el proceso de combate a actos il\u00edcitos en el ejercicio de la administraci\u00f3n p\u00fablica.<\/p>\n<p>\u00abEs fundamental que la sociedad civil est\u00e9 involucrada en la vigilancia de estos procesos. La transparencia se construye con la colaboraci\u00f3n de todos\u00bb, expres\u00f3.<\/p>\n<p>Asimismo, inst\u00f3 a otros l\u00edderes y funcionarios a unirse a esta lucha, reconociendo que la corrupci\u00f3n es un problema que afecta a todos y que requiere un esfuerzo colectivo para ser erradicado.<\/p>\n<p>Hern\u00e1ndez Alberto subray\u00f3 que este decreto no solo representa un avance significativo en la pol\u00edtica nacional, sino que tambi\u00e9n env\u00eda un mensaje claro de que la corrupci\u00f3n no tendr\u00e1 cabida en el pa\u00eds.<\/p>\n<p>Se recuerda que en \u00abLa Semanal con la Prensa\u00bb, el presidente de la Rep\u00fablica Luis Abinader destac\u00f3 la necesidad de fortalecer la supervisi\u00f3n, auditor\u00eda y prevenci\u00f3n de pr\u00e1cticas corruptas en el Estado.<\/p>\n<p>\u201cLa creaci\u00f3n de esta comisi\u00f3n es un esfuerzo por consolidar un gobierno m\u00e1s transparente y responsable ante la ciudadan\u00eda\u201d, declaro el Jefe de Estado.<\/p>\n","protected":false},"excerpt":{"rendered":"<p>Santo Domingo, R.D.- El dirigente del Partido Revolucionario Moderno (PRM), ingeniero Tom\u00e1s Hern\u00e1ndez Alberto dio su apoyo al reciente decreto firmado por el presidente Luis Abinader, sobre la creaci\u00f3n de la Comisi\u00f3n Presidencial de Transparencia y Anticorrupci\u00f3n. Hern\u00e1ndez Alberto, consider\u00f3 como un importante paso la medida que refleja el compromiso genuino de Abinader en la [&hellip;]<\/p>\n","protected":false},"author":10,"featured_media":0,"comment_status":"open","ping_status":"open","sticky":false,"template":"","format":"standard","meta":{"om_disable_all_campaigns":false,"_monsterinsights_skip_tracking":false,"_monsterinsights_sitenote_active":false,"_monsterinsights_sitenote_note":"","_monsterinsights_sitenote_category":0,"footnotes":""},"categories":[1],"tags":[163],"class_list":{"0":"post-2717","1":"post","2":"type-post","3":"status-publish","4":"format-standard","6":"category-nacionales","7":"tag-tomas-hernandez-alberto"},"aioseo_notices":[],"_links":{"self":[{"href":"https:\/\/periodicolarepublica.com\/index.php\/wp-json\/wp\/v2\/posts\/2717","targetHints":{"allow":["GET"]}}],"collection":[{"href":"https:\/\/periodicolarepublica.com\/index.php\/wp-json\/wp\/v2\/posts"}],"about":[{"href":"https:\/\/periodicolarepublica.com\/index.php\/wp-json\/wp\/v2\/types\/post"}],"author":[{"embeddable":true,"href":"https:\/\/periodicolarepublica.com\/index.php\/wp-json\/wp\/v2\/users\/10"}],"replies":[{"embeddable":true,"href":"https:\/\/periodicolarepublica.com\/index.php\/wp-json\/wp\/v2\/comments?post=2717"}],"version-history":[{"count":1,"href":"https:\/\/periodicolarepublica.com\/index.php\/wp-json\/wp\/v2\/posts\/2717\/revisions"}],"predecessor-version":[{"id":2719,"href":"https:\/\/periodicolarepublica.com\/index.php\/wp-json\/wp\/v2\/posts\/2717\/revisions\/2719"}],"wp:attachment":[{"href":"https:\/\/periodicolarepublica.com\/index.php\/wp-json\/wp\/v2\/media?parent=2717"}],"wp:term":[{"taxonomy":"category","embeddable":true,"href":"https:\/\/periodicolarepublica.com\/index.php\/wp-json\/wp\/v2\/categories?post=2717"},{"taxonomy":"post_tag","embeddable":true,"href":"https:\/\/periodicolarepublica.com\/index.php\/wp-json\/wp\/v2\/tags?post=2717"}],"curies":[{"name":"wp","href":"https:\/\/api.w.org\/{rel}","templated":true}]}}