{"id":273,"date":"2023-12-14T23:24:01","date_gmt":"2023-12-14T22:24:01","guid":{"rendered":"https:\/\/periodicolarepublica.com\/?p=273"},"modified":"2023-12-14T23:24:18","modified_gmt":"2023-12-14T22:24:18","slug":"pais-recibe-mas-de-9-millones-de-visitantes","status":"publish","type":"post","link":"https:\/\/periodicolarepublica.com\/index.php\/2023\/12\/14\/pais-recibe-mas-de-9-millones-de-visitantes\/","title":{"rendered":"Pa\u00eds recibe mas de 9 Millones de visitantes"},"content":{"rendered":"<p>&nbsp;<\/p>\n<p><img loading=\"lazy\" decoding=\"async\" class=\"alignnone size-medium wp-image-274\" src=\"https:\/\/periodicolarepublica.com\/wp-content\/uploads\/2023\/12\/Picsart_23-12-14_18-13-46-599-300x169.jpg\" alt=\"\" width=\"300\" height=\"169\" srcset=\"https:\/\/periodicolarepublica.com\/wp-content\/uploads\/2023\/12\/Picsart_23-12-14_18-13-46-599-300x169.jpg?v=1715379844 300w, https:\/\/periodicolarepublica.com\/wp-content\/uploads\/2023\/12\/Picsart_23-12-14_18-13-46-599-1024x576.jpg?v=1715379844 1024w, https:\/\/periodicolarepublica.com\/wp-content\/uploads\/2023\/12\/Picsart_23-12-14_18-13-46-599-768x432.jpg?v=1715379844 768w, https:\/\/periodicolarepublica.com\/wp-content\/uploads\/2023\/12\/Picsart_23-12-14_18-13-46-599-1536x864.jpg?v=1715379844 1536w, https:\/\/periodicolarepublica.com\/wp-content\/uploads\/2023\/12\/Picsart_23-12-14_18-13-46-599-2048x1152.jpg?v=1715379844 2048w, https:\/\/periodicolarepublica.com\/wp-content\/uploads\/2023\/12\/Picsart_23-12-14_18-13-46-599-150x84.jpg?v=1715379844 150w, https:\/\/periodicolarepublica.com\/wp-content\/uploads\/2023\/12\/Picsart_23-12-14_18-13-46-599-600x338.jpg?v=1715379844 600w, https:\/\/periodicolarepublica.com\/wp-content\/uploads\/2023\/12\/Picsart_23-12-14_18-13-46-599-696x392.jpg?v=1715379844 696w, https:\/\/periodicolarepublica.com\/wp-content\/uploads\/2023\/12\/Picsart_23-12-14_18-13-46-599-1392x783.jpg?v=1715379844 1392w, https:\/\/periodicolarepublica.com\/wp-content\/uploads\/2023\/12\/Picsart_23-12-14_18-13-46-599-1068x601.jpg?v=1715379844 1068w, https:\/\/periodicolarepublica.com\/wp-content\/uploads\/2023\/12\/Picsart_23-12-14_18-13-46-599-1920x1080.jpg?v=1715379844 1920w\" sizes=\"auto, (max-width: 300px) 100vw, 300px\" \/>El pa\u00eds recibe 9.1 millones de visitantes en 11 meses y va rumbo a los 10. El Ministro de Turismo, David Collado, destac\u00f3 este martes el din\u00e1mico y sostenido crecimiento del turismo dominicano, tras informar que el pa\u00eds recibi\u00f3 9,105,043 visitantes en el per\u00edodo enero-noviembre, siendo un gran logro para el pa\u00eds.<\/p>\n","protected":false},"excerpt":{"rendered":"<p>&nbsp; El pa\u00eds recibe 9.1 millones de visitantes en 11 meses y va rumbo a los 10. El Ministro de Turismo, David Collado, destac\u00f3 este martes el din\u00e1mico y sostenido crecimiento del turismo dominicano, tras informar que el pa\u00eds recibi\u00f3 9,105,043 visitantes en el per\u00edodo enero-noviembre, siendo un gran logro para el pa\u00eds.<\/p>\n","protected":false},"author":1,"featured_media":274,"comment_status":"open","ping_status":"open","sticky":false,"template":"","format":"standard","meta":{"om_disable_all_campaigns":false,"_monsterinsights_skip_tracking":false,"_monsterinsights_sitenote_active":false,"_monsterinsights_sitenote_note":"","_monsterinsights_sitenote_category":0,"footnotes":""},"categories":[20],"tags":[30,26,22,34,35],"class_list":{"0":"post-273","1":"post","2":"type-post","3":"status-publish","4":"format-standard","5":"has-post-thumbnail","7":"category-turismo","8":"tag-david-collado","9":"tag-playas","10":"tag-turismo","11":"tag-viajes","12":"tag-w"},"aioseo_notices":[],"_links":{"self":[{"href":"https:\/\/periodicolarepublica.com\/index.php\/wp-json\/wp\/v2\/posts\/273","targetHints":{"allow":["GET"]}}],"collection":[{"href":"https:\/\/periodicolarepublica.com\/index.php\/wp-json\/wp\/v2\/posts"}],"about":[{"href":"https:\/\/periodicolarepublica.com\/index.php\/wp-json\/wp\/v2\/types\/post"}],"author":[{"embeddable":true,"href":"https:\/\/periodicolarepublica.com\/index.php\/wp-json\/wp\/v2\/users\/1"}],"replies":[{"embeddable":true,"href":"https:\/\/periodicolarepublica.com\/index.php\/wp-json\/wp\/v2\/comments?post=273"}],"version-history":[{"count":1,"href":"https:\/\/periodicolarepublica.com\/index.php\/wp-json\/wp\/v2\/posts\/273\/revisions"}],"predecessor-version":[{"id":275,"href":"https:\/\/periodicolarepublica.com\/index.php\/wp-json\/wp\/v2\/posts\/273\/revisions\/275"}],"wp:featuredmedia":[{"embeddable":true,"href":"https:\/\/periodicolarepublica.com\/index.php\/wp-json\/wp\/v2\/media\/274"}],"wp:attachment":[{"href":"https:\/\/periodicolarepublica.com\/index.php\/wp-json\/wp\/v2\/media?parent=273"}],"wp:term":[{"taxonomy":"category","embeddable":true,"href":"https:\/\/periodicolarepublica.com\/index.php\/wp-json\/wp\/v2\/categories?post=273"},{"taxonomy":"post_tag","embeddable":true,"href":"https:\/\/periodicolarepublica.com\/index.php\/wp-json\/wp\/v2\/tags?post=273"}],"curies":[{"name":"wp","href":"https:\/\/api.w.org\/{rel}","templated":true}]}}