{"id":2736,"date":"2025-02-19T21:45:00","date_gmt":"2025-02-19T20:45:00","guid":{"rendered":"https:\/\/periodicolarepublica.com\/?p=2736"},"modified":"2025-02-19T21:45:00","modified_gmt":"2025-02-19T20:45:00","slug":"direccion-ambiental-de-la-alcaldia-de-santiago-responde-a-la-junta-de-vecinos-de-jardines-del-oeste","status":"publish","type":"post","link":"https:\/\/periodicolarepublica.com\/index.php\/2025\/02\/19\/direccion-ambiental-de-la-alcaldia-de-santiago-responde-a-la-junta-de-vecinos-de-jardines-del-oeste\/","title":{"rendered":"Direcci\u00f3n Ambiental de la alcald\u00eda de Santiago Responde a la Junta de Vecinos de Jardines del Oeste"},"content":{"rendered":"<p>Santiago-RD, El Director del Departamento Ambiental de la Alcald\u00eda de Santiago, Lic. Sergio N\u00fa\u00f1ez Parra, se reuni\u00f3 hoy con la Junta de Vecinos de Jardines del Oeste para abordar diversas problem\u00e1ticas que afectan a la comunidad. Este encuentro fue el resultado de un arduo trabajo realizado por la presidenta de la Junta, Do\u00f1a Rosana, y su equipo, quienes han liderado una labor tit\u00e1nica en beneficio de sus vecinos.<img loading=\"lazy\" decoding=\"async\" class=\"alignnone size-medium wp-image-2737\" src=\"https:\/\/periodicolarepublica.com\/wp-content\/uploads\/2025\/02\/IMG-20250219-WA01551-300x168.jpg\" alt=\"\" width=\"300\" height=\"168\" srcset=\"https:\/\/periodicolarepublica.com\/wp-content\/uploads\/2025\/02\/IMG-20250219-WA01551-300x168.jpg?v=1739997888 300w, https:\/\/periodicolarepublica.com\/wp-content\/uploads\/2025\/02\/IMG-20250219-WA01551-150x84.jpg?v=1739997888 150w, https:\/\/periodicolarepublica.com\/wp-content\/uploads\/2025\/02\/IMG-20250219-WA01551-600x335.jpg?v=1739997888 600w, https:\/\/periodicolarepublica.com\/wp-content\/uploads\/2025\/02\/IMG-20250219-WA01551-696x389.jpg?v=1739997888 696w, https:\/\/periodicolarepublica.com\/wp-content\/uploads\/2025\/02\/IMG-20250219-WA01551.jpg?v=1739997888 716w\" sizes=\"auto, (max-width: 300px) 100vw, 300px\" \/><\/p>\n<p>Durante la reuni\u00f3n, se enfatiz\u00f3 la importancia de la reforestaci\u00f3n en Santiago, un eje fundamental y estrat\u00e9gico dentro de la gesti\u00f3n del alcalde transformador, comprometido con las mejores causas. La iniciativa busca plantar un \u00e1rbol por cada familia en el municipio, promoviendo as\u00ed un entorno m\u00e1s saludable y sostenible.<\/p>\n<p>\u00abComo dice Alejandro, Santiago se transforma\u00bb, afirm\u00f3 N\u00fa\u00f1ez Parra, destacando que este esfuerzo no solo embellecer\u00e1 la ciudad, sino que tambi\u00e9n contribuir\u00e1 a mejorar la calidad del aire y el bienestar general de los ciudadanos.<\/p>\n<p>La Alcald\u00eda, junto con diversas direcciones, reafirma su compromiso con la comunidad y la sostenibilidad, trabajando de la mano con los ciudadanos para construir un futuro m\u00e1s verde y pr\u00f3spero para todos.<\/p>\n","protected":false},"excerpt":{"rendered":"<p>Santiago-RD, El Director del Departamento Ambiental de la Alcald\u00eda de Santiago, Lic. Sergio N\u00fa\u00f1ez Parra, se reuni\u00f3 hoy con la Junta de Vecinos de Jardines del Oeste para abordar diversas problem\u00e1ticas que afectan a la comunidad. Este encuentro fue el resultado de un arduo trabajo realizado por la presidenta de la Junta, Do\u00f1a Rosana, y [&hellip;]<\/p>\n","protected":false},"author":10,"featured_media":2737,"comment_status":"open","ping_status":"open","sticky":false,"template":"","format":"standard","meta":{"om_disable_all_campaigns":false,"_monsterinsights_skip_tracking":false,"_monsterinsights_sitenote_active":false,"_monsterinsights_sitenote_note":"","_monsterinsights_sitenote_category":0,"footnotes":""},"categories":[206],"tags":[],"class_list":{"0":"post-2736","1":"post","2":"type-post","3":"status-publish","4":"format-standard","5":"has-post-thumbnail","7":"category-la-republica-del-cibao"},"aioseo_notices":[],"_links":{"self":[{"href":"https:\/\/periodicolarepublica.com\/index.php\/wp-json\/wp\/v2\/posts\/2736","targetHints":{"allow":["GET"]}}],"collection":[{"href":"https:\/\/periodicolarepublica.com\/index.php\/wp-json\/wp\/v2\/posts"}],"about":[{"href":"https:\/\/periodicolarepublica.com\/index.php\/wp-json\/wp\/v2\/types\/post"}],"author":[{"embeddable":true,"href":"https:\/\/periodicolarepublica.com\/index.php\/wp-json\/wp\/v2\/users\/10"}],"replies":[{"embeddable":true,"href":"https:\/\/periodicolarepublica.com\/index.php\/wp-json\/wp\/v2\/comments?post=2736"}],"version-history":[{"count":1,"href":"https:\/\/periodicolarepublica.com\/index.php\/wp-json\/wp\/v2\/posts\/2736\/revisions"}],"predecessor-version":[{"id":2738,"href":"https:\/\/periodicolarepublica.com\/index.php\/wp-json\/wp\/v2\/posts\/2736\/revisions\/2738"}],"wp:featuredmedia":[{"embeddable":true,"href":"https:\/\/periodicolarepublica.com\/index.php\/wp-json\/wp\/v2\/media\/2737"}],"wp:attachment":[{"href":"https:\/\/periodicolarepublica.com\/index.php\/wp-json\/wp\/v2\/media?parent=2736"}],"wp:term":[{"taxonomy":"category","embeddable":true,"href":"https:\/\/periodicolarepublica.com\/index.php\/wp-json\/wp\/v2\/categories?post=2736"},{"taxonomy":"post_tag","embeddable":true,"href":"https:\/\/periodicolarepublica.com\/index.php\/wp-json\/wp\/v2\/tags?post=2736"}],"curies":[{"name":"wp","href":"https:\/\/api.w.org\/{rel}","templated":true}]}}