{"id":2744,"date":"2025-02-22T13:47:30","date_gmt":"2025-02-22T12:47:30","guid":{"rendered":"https:\/\/periodicolarepublica.com\/?p=2744"},"modified":"2025-02-22T13:47:30","modified_gmt":"2025-02-22T12:47:30","slug":"la-importancia-del-programa-mas-salud-y-bienestar","status":"publish","type":"post","link":"https:\/\/periodicolarepublica.com\/index.php\/2025\/02\/22\/la-importancia-del-programa-mas-salud-y-bienestar\/","title":{"rendered":"La Importancia del Programa \u00abM\u00e1s Salud y Bienestar\u00bb"},"content":{"rendered":"<p>En el d\u00eda de ayer, el pueblo dominicano fue testigo de un hito significativo en el \u00e1mbito de la salud p\u00fablica con la puesta en marcha del programa \u00abM\u00e1s Salud y Bienestar\u00bb, presentado por el Ministro de Salud P\u00fablica, Dr. V\u00edctor Atallah. Este innovador programa no solo busca mejorar la atenci\u00f3n m\u00e9dica en el pa\u00eds, sino que tambi\u00e9n destaca el compromiso del gobierno dominicano con el bienestar de sus ciudadanos.<img loading=\"lazy\" decoding=\"async\" class=\"alignnone size-medium wp-image-2746\" src=\"https:\/\/periodicolarepublica.com\/wp-content\/uploads\/2025\/02\/IMG-20250222-WA0081-300x200.jpg\" alt=\"\" width=\"300\" height=\"200\" srcset=\"https:\/\/periodicolarepublica.com\/wp-content\/uploads\/2025\/02\/IMG-20250222-WA0081-300x200.jpg?v=1740228426 300w, https:\/\/periodicolarepublica.com\/wp-content\/uploads\/2025\/02\/IMG-20250222-WA0081-1024x682.jpg?v=1740228426 1024w, https:\/\/periodicolarepublica.com\/wp-content\/uploads\/2025\/02\/IMG-20250222-WA0081-768x511.jpg?v=1740228426 768w, https:\/\/periodicolarepublica.com\/wp-content\/uploads\/2025\/02\/IMG-20250222-WA0081-150x100.jpg?v=1740228426 150w, https:\/\/periodicolarepublica.com\/wp-content\/uploads\/2025\/02\/IMG-20250222-WA0081-600x399.jpg?v=1740228426 600w, https:\/\/periodicolarepublica.com\/wp-content\/uploads\/2025\/02\/IMG-20250222-WA0081-696x463.jpg?v=1740228426 696w, https:\/\/periodicolarepublica.com\/wp-content\/uploads\/2025\/02\/IMG-20250222-WA0081-1068x711.jpg?v=1740228426 1068w, https:\/\/periodicolarepublica.com\/wp-content\/uploads\/2025\/02\/IMG-20250222-WA0081.jpg?v=1740228426 1080w\" sizes=\"auto, (max-width: 300px) 100vw, 300px\" \/><\/p>\n<p>Uno de los aspectos m\u00e1s relevantes de \u00abM\u00e1s Salud y Bienestar\u00bb es su enfoque en los sectores m\u00e1s necesitados de la poblaci\u00f3n. En un pa\u00eds donde el acceso a servicios de salud de calidad es a\u00fan un desaf\u00edo para muchos, este operativo m\u00e9dico promete llevar atenci\u00f3n especializada a quienes m\u00e1s lo requieren. Esta iniciativa es un paso crucial hacia la equidad en salud, un derecho fundamental que todos los dominicanos merecen.<\/p>\n<p>El programa, respaldado por el presidente Luis Abinader y el Ministerio de Salud P\u00fablica, se llevar\u00e1 a cabo a nivel nacional, lo que demuestra una clara intenci\u00f3n de abordar las disparidades en el acceso a la salud en todas las regiones del pa\u00eds. Al implementar un enfoque descentralizado, se garantiza que incluso las comunidades m\u00e1s remotas no queden excluidas de este esfuerzo.<\/p>\n<p>Adem\u00e1s de los operativos m\u00e9dicos, \u00abM\u00e1s Salud y Bienestar\u00bb incluir\u00e1 diversas actividades y servicios que beneficiar\u00e1n a la poblaci\u00f3n. Esto puede abarcar desde charlas sobre prevenci\u00f3n de enfermedades hasta campa\u00f1as de vacunaci\u00f3n y atenci\u00f3n a la salud mental. La diversidad de servicios refleja una comprensi\u00f3n hol\u00edstica de la salud, reconociendo que el bienestar no se limita a la ausencia de enfermedad.<\/p>\n<p>El papel del Dr. V\u00edctor Atallah es fundamental en este contexto. Su liderazgo y compromiso han sido evidentes desde el inicio de su gesti\u00f3n, y este programa es una extensi\u00f3n de su visi\u00f3n para transformar el sistema de salud dominicano. La capacidad del ministro para movilizar recursos y coordinar esfuerzos entre diferentes sectores ser\u00e1 clave para el \u00e9xito de esta iniciativa.<\/p>\n<p>Sin embargo, es importante que la ciudadan\u00eda est\u00e9 informada y participe activamente en este programa. La educaci\u00f3n sobre salud es esencial para maximizar los beneficios de estas iniciativas. Las comunidades deben ser empoderadas para que comprendan la importancia de cuidar su salud y aprovechar los recursos que se les ofrecen.<\/p>\n<p>Tambi\u00e9n es crucial que se establezcan mecanismos de evaluaci\u00f3n y seguimiento del programa. La transparencia en la ejecuci\u00f3n de \u00abM\u00e1s Salud y Bienestar\u00bb garantizar\u00e1 que los recursos se utilicen de manera efectiva y que los resultados sean medibles. Esto no solo fortalecer\u00e1 la confianza de la poblaci\u00f3n en el gobierno, sino que tambi\u00e9n permitir\u00e1 realizar ajustes necesarios en tiempo real.<\/p>\n<p>En conclusi\u00f3n, el lanzamiento de \u00abM\u00e1s Salud y Bienestar\u00bb representa una oportunidad dorada para mejorar la salud p\u00fablica en la Rep\u00fablica Dominicana. Con un enfoque inclusivo y servicios diversificados, este programa tiene el potencial de transformar la vida de miles de ciudadanos. La colaboraci\u00f3n entre el gobierno y la comunidad ser\u00e1 fundamental para asegurar su \u00e9xito y sostenibilidad a largo plazo.<\/p>\n<p>El futuro de la salud en el pa\u00eds depende de la capacidad de todos los actores involucrados para trabajar juntos. La salud es un derecho y, con iniciativas como esta, estamos un paso m\u00e1s cerca de garantizar que todos los dominicanos puedan disfrutar de una vida m\u00e1s saludable y plena.<\/p>\n","protected":false},"excerpt":{"rendered":"<p>En el d\u00eda de ayer, el pueblo dominicano fue testigo de un hito significativo en el \u00e1mbito de la salud p\u00fablica con la puesta en marcha del programa \u00abM\u00e1s Salud y Bienestar\u00bb, presentado por el Ministro de Salud P\u00fablica, Dr. V\u00edctor Atallah. Este innovador programa no solo busca mejorar la atenci\u00f3n m\u00e9dica en el pa\u00eds, [&hellip;]<\/p>\n","protected":false},"author":10,"featured_media":2746,"comment_status":"open","ping_status":"open","sticky":false,"template":"","format":"standard","meta":{"om_disable_all_campaigns":false,"_monsterinsights_skip_tracking":false,"_monsterinsights_sitenote_active":false,"_monsterinsights_sitenote_note":"","_monsterinsights_sitenote_category":0,"footnotes":""},"categories":[1],"tags":[159],"class_list":{"0":"post-2744","1":"post","2":"type-post","3":"status-publish","4":"format-standard","5":"has-post-thumbnail","7":"category-nacionales","8":"tag-ministro-de-salud-publica-victor-atallah"},"aioseo_notices":[],"_links":{"self":[{"href":"https:\/\/periodicolarepublica.com\/index.php\/wp-json\/wp\/v2\/posts\/2744","targetHints":{"allow":["GET"]}}],"collection":[{"href":"https:\/\/periodicolarepublica.com\/index.php\/wp-json\/wp\/v2\/posts"}],"about":[{"href":"https:\/\/periodicolarepublica.com\/index.php\/wp-json\/wp\/v2\/types\/post"}],"author":[{"embeddable":true,"href":"https:\/\/periodicolarepublica.com\/index.php\/wp-json\/wp\/v2\/users\/10"}],"replies":[{"embeddable":true,"href":"https:\/\/periodicolarepublica.com\/index.php\/wp-json\/wp\/v2\/comments?post=2744"}],"version-history":[{"count":1,"href":"https:\/\/periodicolarepublica.com\/index.php\/wp-json\/wp\/v2\/posts\/2744\/revisions"}],"predecessor-version":[{"id":2747,"href":"https:\/\/periodicolarepublica.com\/index.php\/wp-json\/wp\/v2\/posts\/2744\/revisions\/2747"}],"wp:featuredmedia":[{"embeddable":true,"href":"https:\/\/periodicolarepublica.com\/index.php\/wp-json\/wp\/v2\/media\/2746"}],"wp:attachment":[{"href":"https:\/\/periodicolarepublica.com\/index.php\/wp-json\/wp\/v2\/media?parent=2744"}],"wp:term":[{"taxonomy":"category","embeddable":true,"href":"https:\/\/periodicolarepublica.com\/index.php\/wp-json\/wp\/v2\/categories?post=2744"},{"taxonomy":"post_tag","embeddable":true,"href":"https:\/\/periodicolarepublica.com\/index.php\/wp-json\/wp\/v2\/tags?post=2744"}],"curies":[{"name":"wp","href":"https:\/\/api.w.org\/{rel}","templated":true}]}}