{"id":2745,"date":"2025-02-22T13:49:00","date_gmt":"2025-02-22T12:49:00","guid":{"rendered":"https:\/\/periodicolarepublica.com\/?p=2745"},"modified":"2025-02-22T13:49:00","modified_gmt":"2025-02-22T12:49:00","slug":"pesar-en-la-comunidad-juridica-por-fallecimiento-dr-joaquin-luciano","status":"publish","type":"post","link":"https:\/\/periodicolarepublica.com\/index.php\/2025\/02\/22\/pesar-en-la-comunidad-juridica-por-fallecimiento-dr-joaquin-luciano\/","title":{"rendered":"Pesar en la comunidad jur\u00eddica por fallecimiento Dr Joaqu\u00edn Luciano"},"content":{"rendered":"<p style=\"text-align: left;\">Con profundo pesar, la comunidad jur\u00eddica dominicana y la Asociaci\u00f3n Dominicana de Abogados Laboralistas (ADAL) informan el fallecimiento del Dr. Joaqu\u00edn Luciano, eminente abogado, maestro ejemplar y defensor incansable de los derechos laborales y las libertades sindicales.<\/p>\n<p style=\"text-align: left;\">El Dr. Luciano, miembro fundador de ADAL, deja un legado invaluable en el derecho laboral y en la lucha por la justicia social, siendo un referente \u00e9tico y profesional para generaciones de abogados. Su vocaci\u00f3n y su incansable compromiso con la dignidad del trabajador marcaron un antes y un despu\u00e9s en la jurisprudencia laboral de nuestro pa\u00eds.<\/p>\n<p style=\"text-align: left;\">Sus restos ser\u00e1n velados en la Funeraria Blandino de Santo Domingo Oeste, ubicada en la avenida Luper\u00f3n, donde familiares, colegas, disc\u00edpulos y amigos podr\u00e1n rendirle el \u00faltimo adi\u00f3s.<\/p>\n<p style=\"text-align: left;\">En este momento de tristeza, expresamos nuestras m\u00e1s sentidas condolencias a sus hijos, nietos y dem\u00e1s familiares. Su partida deja un vac\u00edo inmenso, pero su ejemplo de integridad, sabidur\u00eda y entrega a la justicia seguir\u00e1 vivo en cada uno de los que tuvimos el honor de conocerlo y aprender de \u00e9l.<\/p>\n<p style=\"text-align: left;\">Que su alma descanse en paz y que su legado contin\u00fae iluminando el camino de quienes defienden la verdad y la equidad.<\/p>\n<p><img loading=\"lazy\" decoding=\"async\" class=\"alignnone size-medium wp-image-2748\" src=\"https:\/\/periodicolarepublica.com\/wp-content\/uploads\/2025\/02\/IMG-20250222-WA0002-203x300.jpg\" alt=\"\" width=\"203\" height=\"300\" srcset=\"https:\/\/periodicolarepublica.com\/wp-content\/uploads\/2025\/02\/IMG-20250222-WA0002-203x300.jpg?v=1740228479 203w, https:\/\/periodicolarepublica.com\/wp-content\/uploads\/2025\/02\/IMG-20250222-WA0002-150x222.jpg?v=1740228479 150w, https:\/\/periodicolarepublica.com\/wp-content\/uploads\/2025\/02\/IMG-20250222-WA0002-300x444.jpg?v=1740228479 300w, https:\/\/periodicolarepublica.com\/wp-content\/uploads\/2025\/02\/IMG-20250222-WA0002.jpg?v=1740228479 539w\" sizes=\"auto, (max-width: 203px) 100vw, 203px\" \/><\/p>\n","protected":false},"excerpt":{"rendered":"<p>Con profundo pesar, la comunidad jur\u00eddica dominicana y la Asociaci\u00f3n Dominicana de Abogados Laboralistas (ADAL) informan el fallecimiento del Dr. Joaqu\u00edn Luciano, eminente abogado, maestro ejemplar y defensor incansable de los derechos laborales y las libertades sindicales. El Dr. Luciano, miembro fundador de ADAL, deja un legado invaluable en el derecho laboral y en la [&hellip;]<\/p>\n","protected":false},"author":6,"featured_media":2748,"comment_status":"open","ping_status":"open","sticky":false,"template":"","format":"standard","meta":{"om_disable_all_campaigns":false,"_monsterinsights_skip_tracking":false,"_monsterinsights_sitenote_active":false,"_monsterinsights_sitenote_note":"","_monsterinsights_sitenote_category":0,"footnotes":""},"categories":[1],"tags":[],"class_list":{"0":"post-2745","1":"post","2":"type-post","3":"status-publish","4":"format-standard","5":"has-post-thumbnail","7":"category-nacionales"},"aioseo_notices":[],"_links":{"self":[{"href":"https:\/\/periodicolarepublica.com\/index.php\/wp-json\/wp\/v2\/posts\/2745","targetHints":{"allow":["GET"]}}],"collection":[{"href":"https:\/\/periodicolarepublica.com\/index.php\/wp-json\/wp\/v2\/posts"}],"about":[{"href":"https:\/\/periodicolarepublica.com\/index.php\/wp-json\/wp\/v2\/types\/post"}],"author":[{"embeddable":true,"href":"https:\/\/periodicolarepublica.com\/index.php\/wp-json\/wp\/v2\/users\/6"}],"replies":[{"embeddable":true,"href":"https:\/\/periodicolarepublica.com\/index.php\/wp-json\/wp\/v2\/comments?post=2745"}],"version-history":[{"count":1,"href":"https:\/\/periodicolarepublica.com\/index.php\/wp-json\/wp\/v2\/posts\/2745\/revisions"}],"predecessor-version":[{"id":2749,"href":"https:\/\/periodicolarepublica.com\/index.php\/wp-json\/wp\/v2\/posts\/2745\/revisions\/2749"}],"wp:featuredmedia":[{"embeddable":true,"href":"https:\/\/periodicolarepublica.com\/index.php\/wp-json\/wp\/v2\/media\/2748"}],"wp:attachment":[{"href":"https:\/\/periodicolarepublica.com\/index.php\/wp-json\/wp\/v2\/media?parent=2745"}],"wp:term":[{"taxonomy":"category","embeddable":true,"href":"https:\/\/periodicolarepublica.com\/index.php\/wp-json\/wp\/v2\/categories?post=2745"},{"taxonomy":"post_tag","embeddable":true,"href":"https:\/\/periodicolarepublica.com\/index.php\/wp-json\/wp\/v2\/tags?post=2745"}],"curies":[{"name":"wp","href":"https:\/\/api.w.org\/{rel}","templated":true}]}}