{"id":2752,"date":"2025-02-24T14:06:08","date_gmt":"2025-02-24T13:06:08","guid":{"rendered":"https:\/\/periodicolarepublica.com\/?p=2752"},"modified":"2025-02-24T14:06:08","modified_gmt":"2025-02-24T13:06:08","slug":"las-mujeres-dominicana-tambien-pueden","status":"publish","type":"post","link":"https:\/\/periodicolarepublica.com\/index.php\/2025\/02\/24\/las-mujeres-dominicana-tambien-pueden\/","title":{"rendered":"Las mujeres Dominicana tambi\u00e9n pueden:"},"content":{"rendered":"<p>Las mujeres de Rep\u00fablica Dominicana, hace muchos a\u00f1os que vienen siendo muy maltratadas y a la vez muy discriminadas por el hombre Dominicano, no sabiendo este, que las mujeres son el 51 por ciento de la poblaci\u00f3n, \u00f3sea que son m\u00e1s en poblaci\u00f3n votantes, que los hombres.<img loading=\"lazy\" decoding=\"async\" class=\"alignnone size-medium wp-image-2753\" src=\"https:\/\/periodicolarepublica.com\/wp-content\/uploads\/2025\/02\/IMG-20250222-WA0005-300x297.jpg\" alt=\"\" width=\"300\" height=\"297\" \/><\/p>\n<p>La mujer Dominicana cada d\u00eda m\u00e1s, viene exigiendo y demostr\u00e1ndoles a esta sociedad machista, que ella puede y est\u00e1 capacitada para ocupar cualquier cargo en esta sociedad, yo siempre he dicho y mantengo, que Rep\u00fablica Dominicana tarde o temprano ser\u00e1 dirigida o conducida por una mujer y ser\u00e1 muy pronto.<\/p>\n<p>La elecci\u00f3n de la magistrada Yeni Berenice a la Procuradur\u00eda General de la Rep\u00fablica, no es m\u00e1s que un reconocimiento y tambi\u00e9n premiar su seriedad, valent\u00eda y sobre todo, el valor de esta mujer, para enfrentar como lo viene haciendo, a todos aquellos malos hombres; que han depredado el dinero del pueblo.<\/p>\n<p>Felicito mil veces, al se\u00f1or presidente de la Rep\u00fablica Luis Rodolfo Abinader Corona, por la hidalgu\u00eda y valor de dar apoyo irrestricto a esa valiente y decidida mujer, con su accionar, Luis me recuerda a su querido e inolvidable padre Dr. Jos\u00e9 Rafael Abinader, quien tambi\u00e9n estuvo en contra y castigaba la corruptela que reinaba en aquel entonces, en el pa\u00eds.<\/p>\n<p>Palante se\u00f1or presidente, usted no est\u00e1 solo, los hombres y mujeres de Poder PA\u2019L Pueblo, estaremos pendientes y vigilantes de su accionar y sobre todo, en apoyo a la elecci\u00f3n de Yeni Berenice, como Procuradora General de la Rep\u00fablica Dominicana.<\/p>\n","protected":false},"excerpt":{"rendered":"<p>Las mujeres de Rep\u00fablica Dominicana, hace muchos a\u00f1os que vienen siendo muy maltratadas y a la vez muy discriminadas por el hombre Dominicano, no sabiendo este, que las mujeres son el 51 por ciento de la poblaci\u00f3n, \u00f3sea que son m\u00e1s en poblaci\u00f3n votantes, que los hombres. La mujer Dominicana cada d\u00eda m\u00e1s, viene exigiendo [&hellip;]<\/p>\n","protected":false},"author":10,"featured_media":0,"comment_status":"open","ping_status":"open","sticky":false,"template":"","format":"standard","meta":{"om_disable_all_campaigns":false,"_monsterinsights_skip_tracking":false,"_monsterinsights_sitenote_active":false,"_monsterinsights_sitenote_note":"","_monsterinsights_sitenote_category":0,"footnotes":""},"categories":[1],"tags":[],"class_list":{"0":"post-2752","1":"post","2":"type-post","3":"status-publish","4":"format-standard","6":"category-nacionales"},"aioseo_notices":[],"_links":{"self":[{"href":"https:\/\/periodicolarepublica.com\/index.php\/wp-json\/wp\/v2\/posts\/2752","targetHints":{"allow":["GET"]}}],"collection":[{"href":"https:\/\/periodicolarepublica.com\/index.php\/wp-json\/wp\/v2\/posts"}],"about":[{"href":"https:\/\/periodicolarepublica.com\/index.php\/wp-json\/wp\/v2\/types\/post"}],"author":[{"embeddable":true,"href":"https:\/\/periodicolarepublica.com\/index.php\/wp-json\/wp\/v2\/users\/10"}],"replies":[{"embeddable":true,"href":"https:\/\/periodicolarepublica.com\/index.php\/wp-json\/wp\/v2\/comments?post=2752"}],"version-history":[{"count":1,"href":"https:\/\/periodicolarepublica.com\/index.php\/wp-json\/wp\/v2\/posts\/2752\/revisions"}],"predecessor-version":[{"id":2754,"href":"https:\/\/periodicolarepublica.com\/index.php\/wp-json\/wp\/v2\/posts\/2752\/revisions\/2754"}],"wp:attachment":[{"href":"https:\/\/periodicolarepublica.com\/index.php\/wp-json\/wp\/v2\/media?parent=2752"}],"wp:term":[{"taxonomy":"category","embeddable":true,"href":"https:\/\/periodicolarepublica.com\/index.php\/wp-json\/wp\/v2\/categories?post=2752"},{"taxonomy":"post_tag","embeddable":true,"href":"https:\/\/periodicolarepublica.com\/index.php\/wp-json\/wp\/v2\/tags?post=2752"}],"curies":[{"name":"wp","href":"https:\/\/api.w.org\/{rel}","templated":true}]}}