{"id":2755,"date":"2025-02-17T17:09:40","date_gmt":"2025-02-17T16:09:40","guid":{"rendered":"https:\/\/periodicolarepublica.com\/?p=2755"},"modified":"2025-02-24T17:12:27","modified_gmt":"2025-02-24T16:12:27","slug":"dirigentes-del-phd-aliado-del-prm-denuncian-despidos-masivos-en-la-dgdc","status":"publish","type":"post","link":"https:\/\/periodicolarepublica.com\/index.php\/2025\/02\/17\/dirigentes-del-phd-aliado-del-prm-denuncian-despidos-masivos-en-la-dgdc\/","title":{"rendered":"Dirigentes del PHD, aliado del PRM, denuncian despidos masivos en la DGDC"},"content":{"rendered":"<p>SANTO DOMINGO. \u2013 Un grupo de dirigentes del Partido Humanista Dominicano (PHD) hizo p\u00fablica su denuncia sobre supuestos atropellos y maltratos en la Direcci\u00f3n General de Desarrollo de la Comunidad (DGDC), lo que llev\u00f3 a su renuncia irrevocable de la instituci\u00f3n.<\/p>\n<p>En un comunicado, los dirigentes afirmaron que m\u00e1s de 300 miembros del PHD han sido despedidos de sus puestos de trabajo por decisi\u00f3n del director de la DGDC, Modesto Guzm\u00e1n.<\/p>\n<p>\u201cEl PHD fue el primer partido en apoyar al presidente Luis Abinader en 2015 y hemos sido aliados del PRM, respaldando su gesti\u00f3n y comprometi\u00e9ndonos con el gobierno. Sin embargo, estamos siendo objeto de atropellos por parte de personas cercanas al director de la DGDC, quienes no lucharon como nosotros para que hoy Luis Abinader y el PRM sean gobierno\u201d, expresaron en la misiva.<\/p>\n<p>Los denunciantes tambi\u00e9n hicieron un llamado a la alta direcci\u00f3n del PHD para que intervenga en busca de una soluci\u00f3n que garantice estabilidad laboral a los dirigentes de la organizaci\u00f3n.<\/p>\n<p>\u201cPedimos al PRM y al gobierno que atiendan nuestra situaci\u00f3n y eviten que el PHD quede en el desamparo pol\u00edtico y en el olvido\u201d, concluyeron.<\/p>\n<p>La denuncia est\u00e1 firmada por el licenciado Cristian Carrasco, Vicepresidente del PHD; el ingeniero Germ\u00e1n Germ\u00e1n Taveras y el licenciado Am\u00edn De Jes\u00fas, integrantes del Comit\u00e9 Ejecutivo Nacional (CEN) , de esa organizaci\u00f3n , fundada hace m\u00e1s de 30 a\u00f1os y que profesa el humanismo cristiano integral y el Bien Com\u00fan como doctrina pol\u00edtca-filos\u00f3fica.<\/p>\n<p><img loading=\"lazy\" decoding=\"async\" class=\"alignnone size-medium wp-image-2756\" src=\"https:\/\/periodicolarepublica.com\/wp-content\/uploads\/2025\/02\/IMG-20250224-WA0025-300x135.jpg\" alt=\"\" width=\"300\" height=\"135\" srcset=\"https:\/\/periodicolarepublica.com\/wp-content\/uploads\/2025\/02\/IMG-20250224-WA0025-300x135.jpg?v=1740413446 300w, https:\/\/periodicolarepublica.com\/wp-content\/uploads\/2025\/02\/IMG-20250224-WA0025-1024x460.jpg?v=1740413446 1024w, https:\/\/periodicolarepublica.com\/wp-content\/uploads\/2025\/02\/IMG-20250224-WA0025-768x345.jpg?v=1740413446 768w, https:\/\/periodicolarepublica.com\/wp-content\/uploads\/2025\/02\/IMG-20250224-WA0025-1536x689.jpg?v=1740413446 1536w, https:\/\/periodicolarepublica.com\/wp-content\/uploads\/2025\/02\/IMG-20250224-WA0025-150x67.jpg?v=1740413446 150w, https:\/\/periodicolarepublica.com\/wp-content\/uploads\/2025\/02\/IMG-20250224-WA0025-600x269.jpg?v=1740413446 600w, https:\/\/periodicolarepublica.com\/wp-content\/uploads\/2025\/02\/IMG-20250224-WA0025-696x312.jpg?v=1740413446 696w, https:\/\/periodicolarepublica.com\/wp-content\/uploads\/2025\/02\/IMG-20250224-WA0025-1392x625.jpg?v=1740413446 1392w, https:\/\/periodicolarepublica.com\/wp-content\/uploads\/2025\/02\/IMG-20250224-WA0025-1068x479.jpg?v=1740413446 1068w, https:\/\/periodicolarepublica.com\/wp-content\/uploads\/2025\/02\/IMG-20250224-WA0025.jpg?v=1740413446 1600w\" sizes=\"auto, (max-width: 300px) 100vw, 300px\" \/><\/p>\n","protected":false},"excerpt":{"rendered":"<p>SANTO DOMINGO. \u2013 Un grupo de dirigentes del Partido Humanista Dominicano (PHD) hizo p\u00fablica su denuncia sobre supuestos atropellos y maltratos en la Direcci\u00f3n General de Desarrollo de la Comunidad (DGDC), lo que llev\u00f3 a su renuncia irrevocable de la instituci\u00f3n. En un comunicado, los dirigentes afirmaron que m\u00e1s de 300 miembros del PHD han [&hellip;]<\/p>\n","protected":false},"author":6,"featured_media":2756,"comment_status":"open","ping_status":"open","sticky":false,"template":"","format":"standard","meta":{"om_disable_all_campaigns":false,"_monsterinsights_skip_tracking":false,"_monsterinsights_sitenote_active":false,"_monsterinsights_sitenote_note":"","_monsterinsights_sitenote_category":0,"footnotes":""},"categories":[1],"tags":[],"class_list":{"0":"post-2755","1":"post","2":"type-post","3":"status-publish","4":"format-standard","5":"has-post-thumbnail","7":"category-nacionales"},"aioseo_notices":[],"_links":{"self":[{"href":"https:\/\/periodicolarepublica.com\/index.php\/wp-json\/wp\/v2\/posts\/2755","targetHints":{"allow":["GET"]}}],"collection":[{"href":"https:\/\/periodicolarepublica.com\/index.php\/wp-json\/wp\/v2\/posts"}],"about":[{"href":"https:\/\/periodicolarepublica.com\/index.php\/wp-json\/wp\/v2\/types\/post"}],"author":[{"embeddable":true,"href":"https:\/\/periodicolarepublica.com\/index.php\/wp-json\/wp\/v2\/users\/6"}],"replies":[{"embeddable":true,"href":"https:\/\/periodicolarepublica.com\/index.php\/wp-json\/wp\/v2\/comments?post=2755"}],"version-history":[{"count":1,"href":"https:\/\/periodicolarepublica.com\/index.php\/wp-json\/wp\/v2\/posts\/2755\/revisions"}],"predecessor-version":[{"id":2757,"href":"https:\/\/periodicolarepublica.com\/index.php\/wp-json\/wp\/v2\/posts\/2755\/revisions\/2757"}],"wp:featuredmedia":[{"embeddable":true,"href":"https:\/\/periodicolarepublica.com\/index.php\/wp-json\/wp\/v2\/media\/2756"}],"wp:attachment":[{"href":"https:\/\/periodicolarepublica.com\/index.php\/wp-json\/wp\/v2\/media?parent=2755"}],"wp:term":[{"taxonomy":"category","embeddable":true,"href":"https:\/\/periodicolarepublica.com\/index.php\/wp-json\/wp\/v2\/categories?post=2755"},{"taxonomy":"post_tag","embeddable":true,"href":"https:\/\/periodicolarepublica.com\/index.php\/wp-json\/wp\/v2\/tags?post=2755"}],"curies":[{"name":"wp","href":"https:\/\/api.w.org\/{rel}","templated":true}]}}