{"id":276,"date":"2023-12-14T23:30:36","date_gmt":"2023-12-14T22:30:36","guid":{"rendered":"https:\/\/periodicolarepublica.com\/?p=276"},"modified":"2023-12-14T23:30:36","modified_gmt":"2023-12-14T22:30:36","slug":"banco-popular-y-alcaldia-dn-entregan-parque-el-pedregal-renovado","status":"publish","type":"post","link":"https:\/\/periodicolarepublica.com\/index.php\/2023\/12\/14\/banco-popular-y-alcaldia-dn-entregan-parque-el-pedregal-renovado\/","title":{"rendered":"Banco Popular y Alcald\u00eda DN entregan parque El Pedregal renovado"},"content":{"rendered":"<p><img loading=\"lazy\" decoding=\"async\" class=\"alignnone size-medium wp-image-277\" src=\"https:\/\/periodicolarepublica.com\/wp-content\/uploads\/2023\/12\/Picsart_23-12-14_18-19-18-760-300x169.jpg\" alt=\"\" width=\"300\" height=\"169\" srcset=\"https:\/\/periodicolarepublica.com\/wp-content\/uploads\/2023\/12\/Picsart_23-12-14_18-19-18-760-300x169.jpg?v=1715379843 300w, https:\/\/periodicolarepublica.com\/wp-content\/uploads\/2023\/12\/Picsart_23-12-14_18-19-18-760-1024x576.jpg?v=1715379843 1024w, https:\/\/periodicolarepublica.com\/wp-content\/uploads\/2023\/12\/Picsart_23-12-14_18-19-18-760-768x432.jpg?v=1715379843 768w, https:\/\/periodicolarepublica.com\/wp-content\/uploads\/2023\/12\/Picsart_23-12-14_18-19-18-760-1536x864.jpg?v=1715379843 1536w, https:\/\/periodicolarepublica.com\/wp-content\/uploads\/2023\/12\/Picsart_23-12-14_18-19-18-760-2048x1152.jpg?v=1715379843 2048w, https:\/\/periodicolarepublica.com\/wp-content\/uploads\/2023\/12\/Picsart_23-12-14_18-19-18-760-150x84.jpg?v=1715379843 150w, https:\/\/periodicolarepublica.com\/wp-content\/uploads\/2023\/12\/Picsart_23-12-14_18-19-18-760-600x338.jpg?v=1715379843 600w, https:\/\/periodicolarepublica.com\/wp-content\/uploads\/2023\/12\/Picsart_23-12-14_18-19-18-760-696x392.jpg?v=1715379843 696w, https:\/\/periodicolarepublica.com\/wp-content\/uploads\/2023\/12\/Picsart_23-12-14_18-19-18-760-1392x783.jpg?v=1715379843 1392w, https:\/\/periodicolarepublica.com\/wp-content\/uploads\/2023\/12\/Picsart_23-12-14_18-19-18-760-1068x601.jpg?v=1715379843 1068w, https:\/\/periodicolarepublica.com\/wp-content\/uploads\/2023\/12\/Picsart_23-12-14_18-19-18-760-1920x1080.jpg?v=1715379843 1920w\" sizes=\"auto, (max-width: 300px) 100vw, 300px\" \/>El Banco Popular Dominicano y la Alcald\u00eda del Distrito Nacional inauguraron el remozado parque El Pedregal, ubicado en la avenida Cayetano Germos\u00e9n, convirti\u00e9ndose de este modo en un espacio urbano de esparcimiento recuperado.<\/p>\n<p>El Banco Popular realiz\u00f3 una inversi\u00f3n superior a los RD$15.7 millones, para su recuperaci\u00f3n en beneficio de los habitantes del sector.<\/p>\n<p>La alcaldesa Carolina Mej\u00eda agradeci\u00f3 a la instituci\u00f3n financiera por el aporte en beneficio a la comunidad cercana al parque.<\/p>\n","protected":false},"excerpt":{"rendered":"<p>El Banco Popular Dominicano y la Alcald\u00eda del Distrito Nacional inauguraron el remozado parque El Pedregal, ubicado en la avenida Cayetano Germos\u00e9n, convirti\u00e9ndose de este modo en un espacio urbano de esparcimiento recuperado. El Banco Popular realiz\u00f3 una inversi\u00f3n superior a los RD$15.7 millones, para su recuperaci\u00f3n en beneficio de los habitantes del sector. La [&hellip;]<\/p>\n","protected":false},"author":1,"featured_media":277,"comment_status":"open","ping_status":"open","sticky":false,"template":"","format":"standard","meta":{"om_disable_all_campaigns":false,"_monsterinsights_skip_tracking":false,"_monsterinsights_sitenote_active":false,"_monsterinsights_sitenote_note":"","_monsterinsights_sitenote_category":0,"footnotes":""},"categories":[1],"tags":[36,37,38,39],"class_list":{"0":"post-276","1":"post","2":"type-post","3":"status-publish","4":"format-standard","5":"has-post-thumbnail","7":"category-nacionales","8":"tag-banco-popular","9":"tag-carolina-mejia","10":"tag-parque","11":"tag-popular-en-linea"},"aioseo_notices":[],"_links":{"self":[{"href":"https:\/\/periodicolarepublica.com\/index.php\/wp-json\/wp\/v2\/posts\/276","targetHints":{"allow":["GET"]}}],"collection":[{"href":"https:\/\/periodicolarepublica.com\/index.php\/wp-json\/wp\/v2\/posts"}],"about":[{"href":"https:\/\/periodicolarepublica.com\/index.php\/wp-json\/wp\/v2\/types\/post"}],"author":[{"embeddable":true,"href":"https:\/\/periodicolarepublica.com\/index.php\/wp-json\/wp\/v2\/users\/1"}],"replies":[{"embeddable":true,"href":"https:\/\/periodicolarepublica.com\/index.php\/wp-json\/wp\/v2\/comments?post=276"}],"version-history":[{"count":1,"href":"https:\/\/periodicolarepublica.com\/index.php\/wp-json\/wp\/v2\/posts\/276\/revisions"}],"predecessor-version":[{"id":278,"href":"https:\/\/periodicolarepublica.com\/index.php\/wp-json\/wp\/v2\/posts\/276\/revisions\/278"}],"wp:featuredmedia":[{"embeddable":true,"href":"https:\/\/periodicolarepublica.com\/index.php\/wp-json\/wp\/v2\/media\/277"}],"wp:attachment":[{"href":"https:\/\/periodicolarepublica.com\/index.php\/wp-json\/wp\/v2\/media?parent=276"}],"wp:term":[{"taxonomy":"category","embeddable":true,"href":"https:\/\/periodicolarepublica.com\/index.php\/wp-json\/wp\/v2\/categories?post=276"},{"taxonomy":"post_tag","embeddable":true,"href":"https:\/\/periodicolarepublica.com\/index.php\/wp-json\/wp\/v2\/tags?post=276"}],"curies":[{"name":"wp","href":"https:\/\/api.w.org\/{rel}","templated":true}]}}