{"id":2762,"date":"2025-02-26T14:46:35","date_gmt":"2025-02-26T13:46:35","guid":{"rendered":"https:\/\/periodicolarepublica.com\/?p=2762"},"modified":"2025-02-26T14:46:35","modified_gmt":"2025-02-26T13:46:35","slug":"choferes-de-la-zona-norte-santiago-afiliados-a-cntt-continuan-jornada-de-paros-escalonados","status":"publish","type":"post","link":"https:\/\/periodicolarepublica.com\/index.php\/2025\/02\/26\/choferes-de-la-zona-norte-santiago-afiliados-a-cntt-continuan-jornada-de-paros-escalonados\/","title":{"rendered":"Choferes de la Zona Norte Santiago afiliados a CNTT contin\u00faan jornada de paros escalonados"},"content":{"rendered":"<p>Reclaman fin de los tapones, inclusi\u00f3n en sistema integral del transporte, entrega tarjetas bonogas en manos de particulares<\/p>\n<p>Santiago, RD.- En continuidad a la jornada de<img loading=\"lazy\" decoding=\"async\" class=\"alignnone size-medium wp-image-2763\" src=\"https:\/\/periodicolarepublica.com\/wp-content\/uploads\/2025\/02\/IMG-20250226-WA0082-300x228.jpg\" alt=\"\" width=\"300\" height=\"228\" srcset=\"https:\/\/periodicolarepublica.com\/wp-content\/uploads\/2025\/02\/IMG-20250226-WA0082-300x228.jpg?v=1740577586 300w, https:\/\/periodicolarepublica.com\/wp-content\/uploads\/2025\/02\/IMG-20250226-WA0082-1024x780.jpg?v=1740577586 1024w, https:\/\/periodicolarepublica.com\/wp-content\/uploads\/2025\/02\/IMG-20250226-WA0082-768x585.jpg?v=1740577586 768w, https:\/\/periodicolarepublica.com\/wp-content\/uploads\/2025\/02\/IMG-20250226-WA0082-150x114.jpg?v=1740577586 150w, https:\/\/periodicolarepublica.com\/wp-content\/uploads\/2025\/02\/IMG-20250226-WA0082-600x457.jpg?v=1740577586 600w, https:\/\/periodicolarepublica.com\/wp-content\/uploads\/2025\/02\/IMG-20250226-WA0082-696x530.jpg?v=1740577586 696w, https:\/\/periodicolarepublica.com\/wp-content\/uploads\/2025\/02\/IMG-20250226-WA0082-1068x813.jpg?v=1740577586 1068w, https:\/\/periodicolarepublica.com\/wp-content\/uploads\/2025\/02\/IMG-20250226-WA0082.jpg?v=1740577586 1178w\" sizes=\"auto, (max-width: 300px) 100vw, 300px\" \/> paros escalonados, choferes de la zona Norte de la ciudad de Santiago, volver\u00e1n a las calles y paralizar\u00e1n sus labores este mi\u00e9rcoles, en demanda de soluci\u00f3n a distintas problem\u00e1ticas que hacen insostenible al sector transporte.<\/p>\n<p>Entre las exigencias, reclaman el fin de los prolongados tapones producto de la falta de coordinaci\u00f3n e inoperancia de las autoridades locales, inclusi\u00f3n en el sistema integral del transporte, entrega de tarjetas bonogas, las cuales est\u00e1n en manos de particulares que nada tienen que ver con el sector transporte, entre otras demandas.<\/p>\n<p>Los transportistas afiliados a la Confederaci\u00f3n Nacional de los Trabajadores del Transporte (CNTT), se quejan adem\u00e1s, de que se han reunido con todas las autoridades correspondientes del pa\u00eds, sin embargo, a la fecha no han tenido respuestas concretas que le garantice que luego de inaugurado el Monorriel, continuar\u00e1n llevando el sustento de sus familias a casa con el sudor de su frente a trav\u00e9s de su \u00fanica v\u00eda de ingreso que es un gu\u00eda.<\/p>\n<p>Ante esta situaci\u00f3n, solicitan al presidente de la Rep\u00fablica Luis Abinader, en quien dicen creer y confiar, que se conduela de miles de hombres y mujeres del volante que no tienen pensi\u00f3n solidaria, que compran comida y combustibles caros, piezas de veh\u00edculos y medicinas a altos precios, quienes se pasan los d\u00edas en los tapones porque las autoridades locales han fracasado en la organizaci\u00f3n del tr\u00e1nsito.<\/p>\n<p>Las rutas que paralizaran sus labores en esta ocasi\u00f3n son; la F de 100 Fuego, la G de Gurabo, la E de El Ejido, la P, de Buena Vista, PA, U, PC, Tamboril, Pedro Garc\u00eda, apoyada por los dirigentes de Acto del Yaque, S\u00e1bana Iglesia, La Cuesta, San Jos\u00e9 de Las Matas, Los Pinalitos, Jarabacoa, Navarrete, La Canela y las rutas H, N, L, NC. CA, SP, HB y La Paloma, asi como RPA, la Federaci\u00f3n de Taxistas, Federacion de Transportistas escolares y Asociaci\u00f3n de Propietarios de Guaguas entre otros.<\/p>\n<p>As\u00ed mismo, los choferes y transportistas precisaron que transportar\u00e1n los estudiantes a las escuelas y distintos centros educativos, as\u00ed como a los trabajadores hacia sus destinos de trabajo y luego suspender\u00e1n sus operaciones desde las 9:30 am hasta las 11:30am este mi\u00e9rcoles.<\/p>\n","protected":false},"excerpt":{"rendered":"<p>Reclaman fin de los tapones, inclusi\u00f3n en sistema integral del transporte, entrega tarjetas bonogas en manos de particulares Santiago, RD.- En continuidad a la jornada de paros escalonados, choferes de la zona Norte de la ciudad de Santiago, volver\u00e1n a las calles y paralizar\u00e1n sus labores este mi\u00e9rcoles, en demanda de soluci\u00f3n a distintas problem\u00e1ticas [&hellip;]<\/p>\n","protected":false},"author":10,"featured_media":2763,"comment_status":"open","ping_status":"open","sticky":false,"template":"","format":"standard","meta":{"om_disable_all_campaigns":false,"_monsterinsights_skip_tracking":false,"_monsterinsights_sitenote_active":false,"_monsterinsights_sitenote_note":"","_monsterinsights_sitenote_category":0,"footnotes":""},"categories":[1],"tags":[],"class_list":{"0":"post-2762","1":"post","2":"type-post","3":"status-publish","4":"format-standard","5":"has-post-thumbnail","7":"category-nacionales"},"aioseo_notices":[],"_links":{"self":[{"href":"https:\/\/periodicolarepublica.com\/index.php\/wp-json\/wp\/v2\/posts\/2762","targetHints":{"allow":["GET"]}}],"collection":[{"href":"https:\/\/periodicolarepublica.com\/index.php\/wp-json\/wp\/v2\/posts"}],"about":[{"href":"https:\/\/periodicolarepublica.com\/index.php\/wp-json\/wp\/v2\/types\/post"}],"author":[{"embeddable":true,"href":"https:\/\/periodicolarepublica.com\/index.php\/wp-json\/wp\/v2\/users\/10"}],"replies":[{"embeddable":true,"href":"https:\/\/periodicolarepublica.com\/index.php\/wp-json\/wp\/v2\/comments?post=2762"}],"version-history":[{"count":1,"href":"https:\/\/periodicolarepublica.com\/index.php\/wp-json\/wp\/v2\/posts\/2762\/revisions"}],"predecessor-version":[{"id":2764,"href":"https:\/\/periodicolarepublica.com\/index.php\/wp-json\/wp\/v2\/posts\/2762\/revisions\/2764"}],"wp:featuredmedia":[{"embeddable":true,"href":"https:\/\/periodicolarepublica.com\/index.php\/wp-json\/wp\/v2\/media\/2763"}],"wp:attachment":[{"href":"https:\/\/periodicolarepublica.com\/index.php\/wp-json\/wp\/v2\/media?parent=2762"}],"wp:term":[{"taxonomy":"category","embeddable":true,"href":"https:\/\/periodicolarepublica.com\/index.php\/wp-json\/wp\/v2\/categories?post=2762"},{"taxonomy":"post_tag","embeddable":true,"href":"https:\/\/periodicolarepublica.com\/index.php\/wp-json\/wp\/v2\/tags?post=2762"}],"curies":[{"name":"wp","href":"https:\/\/api.w.org\/{rel}","templated":true}]}}