{"id":2765,"date":"2025-02-26T21:21:00","date_gmt":"2025-02-26T20:21:00","guid":{"rendered":"https:\/\/periodicolarepublica.com\/?p=2765"},"modified":"2025-02-26T21:21:00","modified_gmt":"2025-02-26T20:21:00","slug":"republica-dominicana-es-galardonada-con-el-premio-country-cureall-poster-winner-2025-otorgado-por-st-jude-childrens-research-hospital","status":"publish","type":"post","link":"https:\/\/periodicolarepublica.com\/index.php\/2025\/02\/26\/republica-dominicana-es-galardonada-con-el-premio-country-cureall-poster-winner-2025-otorgado-por-st-jude-childrens-research-hospital\/","title":{"rendered":"*Rep\u00fablica Dominicana es galardonada con el premio Country CureAll Poster Winner 2025 otorgado por St. Jude Children\u2019s Research Hospital*"},"content":{"rendered":"<p>*Santo Domingo, R.D. \u2013* El Ministerio de Salud, a trav\u00e9s de su departamento de Enfermedades Cr\u00f3nicas No Transmisibles, ha sido reconocido con el premio Country CureAll Poster Winner 2025 en la categor\u00eda \u201cAlineaci\u00f3n con CureAll\u201d, otorgado por St. Jude Children\u2019s Research Hospital.<img loading=\"lazy\" decoding=\"async\" class=\"alignnone size-medium wp-image-2439\" src=\"https:\/\/periodicolarepublica.com\/wp-content\/uploads\/2024\/12\/IMG-20241226-WA0074-300x200.jpg\" alt=\"\" width=\"300\" height=\"200\" srcset=\"https:\/\/periodicolarepublica.com\/wp-content\/uploads\/2024\/12\/IMG-20241226-WA0074-300x200.jpg?v=1735509075 300w, https:\/\/periodicolarepublica.com\/wp-content\/uploads\/2024\/12\/IMG-20241226-WA0074-1024x682.jpg?v=1735509075 1024w, https:\/\/periodicolarepublica.com\/wp-content\/uploads\/2024\/12\/IMG-20241226-WA0074-768x511.jpg?v=1735509075 768w, https:\/\/periodicolarepublica.com\/wp-content\/uploads\/2024\/12\/IMG-20241226-WA0074-150x100.jpg?v=1735509075 150w, https:\/\/periodicolarepublica.com\/wp-content\/uploads\/2024\/12\/IMG-20241226-WA0074-600x399.jpg?v=1735509075 600w, https:\/\/periodicolarepublica.com\/wp-content\/uploads\/2024\/12\/IMG-20241226-WA0074-696x463.jpg?v=1735509075 696w, https:\/\/periodicolarepublica.com\/wp-content\/uploads\/2024\/12\/IMG-20241226-WA0074-1068x711.jpg?v=1735509075 1068w, https:\/\/periodicolarepublica.com\/wp-content\/uploads\/2024\/12\/IMG-20241226-WA0074.jpg?v=1735509075 1280w\" sizes=\"auto, (max-width: 300px) 100vw, 300px\" \/><\/p>\n<p>Este galard\u00f3n se alinea con el compromiso del pa\u00eds con la ejecuci\u00f3n de los pilares y facilitadores de la Iniciativa Global contra el C\u00e1ncer Infantil de la Organizaci\u00f3n Mundial de la Salud (OMS).<\/p>\n<p>La selecci\u00f3n de este reconocimiento se realiz\u00f3 mediante una votaci\u00f3n global en la que participaron m\u00e1s de 180 miembros de la comunidad internacional, quienes reconocieron la relevancia e impacto de las acciones desarrolladas en el pa\u00eds para fortalecer la atenci\u00f3n del c\u00e1ncer infantil.<\/p>\n<p>El premio fue otorgado en reconocimiento a los esfuerzos del pa\u00eds en la mejora de la atenci\u00f3n oncol\u00f3gica pedi\u00e1trica, destac\u00e1ndose iniciativas clave como la creaci\u00f3n de la Mesa Nacional de C\u00e1ncer Infantil, compuesta por los seis centros oncol\u00f3gicos pedi\u00e1tricos del pa\u00eds, el Ministerio de Salud y la sociedad civil consultiva permanente; el lanzamiento de protocolos cl\u00ednicos de c\u00e1ncer infantil alineados con est\u00e1ndares internacionales; la realizaci\u00f3n del Foro Nacional de Pol\u00edticas P\u00fablicas sobre C\u00e1ncer Infantil, que dio lugar a una mesa de trabajo conjunta entre Mispas, SNS, Sisalril, SENASA, sociedades especializadas y la sociedad civil para coordinar acciones conjuntas.<\/p>\n<p>Tambi\u00e9n el relanzamiento de la campa\u00f1a de detecci\u00f3n oportuna del c\u00e1ncer infantil, con la participaci\u00f3n de onc\u00f3logos pedi\u00e1tricos y pediatras; y la inauguraci\u00f3n de la Unidad Oncopedi\u00e1trica \u00abUniendo Voluntades\u00bb en el Instituto Nacional del C\u00e1ncer Rosa Emilia S\u00e1nchez P\u00e9rez de Taveras (INCART). Adem\u00e1s, se han llevado a cabo iniciativas para el apoyo psicosocial de los pacientes, como el primer taller para adolescentes con c\u00e1ncer \u00abGirl Power\u00bb, enfocado en el empoderamiento a trav\u00e9s del maquillaje y el cuidado personal, organizado por el Hospital Dr. Hugo Mendoza.<\/p>\n<p>Gracias a estas acciones, se ha logrado mejorar la infraestructura m\u00e9dica, garantizar diagn\u00f3sticos oportunos y ofrecer tratamientos m\u00e1s efectivos, contribuyendo significativamente a mejorar la calidad de vida de los ni\u00f1os con c\u00e1ncer en el pa\u00eds.<\/p>\n<p>En este contexto, Andrea Williams, en representaci\u00f3n de la secretar\u00eda de la OMS y St. Jude Global, expres\u00f3 su entusiasmo por este reconocimiento.<\/p>\n<p>\u201cSus contribuciones no solo muestran el avance dentro de su pa\u00eds, sino que tambi\u00e9n inspiran a otros en la implementaci\u00f3n de estrategias CureAll a nivel mundial. Nos sentimos honrados de celebrar este logro y esperamos ver c\u00f3mo su trabajo sigue moldeando el futuro de la atenci\u00f3n del c\u00e1ncer pedi\u00e1trico.\u201d<\/p>\n<p>El Ministerio de Salud de Rep\u00fablica Dominicana continua trabajando para fortalecer las estrategias interinstitucionales para la mejora de la atenci\u00f3n oncol\u00f3gica pedi\u00e1trica, asegurando el acceso a un diagn\u00f3stico oportuno y tratamiento adecuado para todos los ni\u00f1os con c\u00e1ncer.<\/p>\n<p>Este premio es el resultado del esfuerzo conjunto de profesionales de la salud, instituciones y organismos nacionales e internacionales, todos alineados en la misi\u00f3n de salvar m\u00e1s vidas infantiles.<\/p>\n","protected":false},"excerpt":{"rendered":"<p>*Santo Domingo, R.D. \u2013* El Ministerio de Salud, a trav\u00e9s de su departamento de Enfermedades Cr\u00f3nicas No Transmisibles, ha sido reconocido con el premio Country CureAll Poster Winner 2025 en la categor\u00eda \u201cAlineaci\u00f3n con CureAll\u201d, otorgado por St. Jude Children\u2019s Research Hospital. Este galard\u00f3n se alinea con el compromiso del pa\u00eds con la ejecuci\u00f3n de [&hellip;]<\/p>\n","protected":false},"author":10,"featured_media":2439,"comment_status":"open","ping_status":"open","sticky":false,"template":"","format":"standard","meta":{"om_disable_all_campaigns":false,"_monsterinsights_skip_tracking":false,"_monsterinsights_sitenote_active":false,"_monsterinsights_sitenote_note":"","_monsterinsights_sitenote_category":0,"footnotes":""},"categories":[1],"tags":[159],"class_list":{"0":"post-2765","1":"post","2":"type-post","3":"status-publish","4":"format-standard","5":"has-post-thumbnail","7":"category-nacionales","8":"tag-ministro-de-salud-publica-victor-atallah"},"aioseo_notices":[],"_links":{"self":[{"href":"https:\/\/periodicolarepublica.com\/index.php\/wp-json\/wp\/v2\/posts\/2765","targetHints":{"allow":["GET"]}}],"collection":[{"href":"https:\/\/periodicolarepublica.com\/index.php\/wp-json\/wp\/v2\/posts"}],"about":[{"href":"https:\/\/periodicolarepublica.com\/index.php\/wp-json\/wp\/v2\/types\/post"}],"author":[{"embeddable":true,"href":"https:\/\/periodicolarepublica.com\/index.php\/wp-json\/wp\/v2\/users\/10"}],"replies":[{"embeddable":true,"href":"https:\/\/periodicolarepublica.com\/index.php\/wp-json\/wp\/v2\/comments?post=2765"}],"version-history":[{"count":1,"href":"https:\/\/periodicolarepublica.com\/index.php\/wp-json\/wp\/v2\/posts\/2765\/revisions"}],"predecessor-version":[{"id":2766,"href":"https:\/\/periodicolarepublica.com\/index.php\/wp-json\/wp\/v2\/posts\/2765\/revisions\/2766"}],"wp:featuredmedia":[{"embeddable":true,"href":"https:\/\/periodicolarepublica.com\/index.php\/wp-json\/wp\/v2\/media\/2439"}],"wp:attachment":[{"href":"https:\/\/periodicolarepublica.com\/index.php\/wp-json\/wp\/v2\/media?parent=2765"}],"wp:term":[{"taxonomy":"category","embeddable":true,"href":"https:\/\/periodicolarepublica.com\/index.php\/wp-json\/wp\/v2\/categories?post=2765"},{"taxonomy":"post_tag","embeddable":true,"href":"https:\/\/periodicolarepublica.com\/index.php\/wp-json\/wp\/v2\/tags?post=2765"}],"curies":[{"name":"wp","href":"https:\/\/api.w.org\/{rel}","templated":true}]}}