{"id":2767,"date":"2025-02-27T03:29:21","date_gmt":"2025-02-27T02:29:21","guid":{"rendered":"https:\/\/periodicolarepublica.com\/?p=2767"},"modified":"2025-02-27T03:29:21","modified_gmt":"2025-02-27T02:29:21","slug":"celebracion-del-181-aniversario-de-la-independencia-dominicana-un-llamado-a-mantener-la-dominicanidad","status":"publish","type":"post","link":"https:\/\/periodicolarepublica.com\/index.php\/2025\/02\/27\/celebracion-del-181-aniversario-de-la-independencia-dominicana-un-llamado-a-mantener-la-dominicanidad\/","title":{"rendered":"Celebraci\u00f3n del 181 Aniversario de la Independencia Dominicana: Un Llamado a Mantener la Dominicanidad"},"content":{"rendered":"<p>Santo Domingo &#8211; En el marco de la celebraci\u00f3n del 181 aniversario de la independencia dominicana, el ingeniero Tom\u00e1s Hern\u00e1ndez Alberto ha emitido un importante mensaje sobre la necesidad de mantener en alto la dominicanidad y los valores que forjaron la independencia del pa\u00eds.<img loading=\"lazy\" decoding=\"async\" class=\"alignnone size-medium wp-image-2275\" src=\"https:\/\/periodicolarepublica.com\/wp-content\/uploads\/2024\/12\/20241205_074205-300x173.jpg\" alt=\"\" width=\"300\" height=\"173\" srcset=\"https:\/\/periodicolarepublica.com\/wp-content\/uploads\/2024\/12\/20241205_074205-300x173.jpg?v=1733399760 300w, https:\/\/periodicolarepublica.com\/wp-content\/uploads\/2024\/12\/20241205_074205-150x86.jpg?v=1733399760 150w, https:\/\/periodicolarepublica.com\/wp-content\/uploads\/2024\/12\/20241205_074205-600x346.jpg?v=1733399760 600w, https:\/\/periodicolarepublica.com\/wp-content\/uploads\/2024\/12\/20241205_074205-696x401.jpg?v=1733399760 696w, https:\/\/periodicolarepublica.com\/wp-content\/uploads\/2024\/12\/20241205_074205.jpg?v=1733399760 720w\" sizes=\"auto, (max-width: 300px) 100vw, 300px\" \/><\/p>\n<p>Hern\u00e1ndez Alberto, reconocido por su compromiso con el desarrollo social y cultural de la naci\u00f3n, enfatiz\u00f3 que la independencia no solo es un hito hist\u00f3rico, sino un legado que debemos preservar y promover en las generaciones actuales y futuras. \u201cEs fundamental recordar y honrar a aquellos que lucharon por nuestra libertad y a quienes debemos el pa\u00eds que somos hoy\u201d, afirm\u00f3.<\/p>\n<p>Durante su presentaci\u00f3n, el ingeniero hizo un llamado a la unidad entre todos los dominicanos, resaltando que la verdadera independencia se construye cada d\u00eda con acciones que reflejen nuestro orgullo nacional. \u201cDebemos trabajar juntos para fortalecer nuestra identidad y los valores que nos definen como pueblo\u201d, a\u00f1adi\u00f3.<\/p>\n<p>Adem\u00e1s, Hern\u00e1ndez Alberto destac\u00f3 la importancia de la educaci\u00f3n en la formaci\u00f3n de una conciencia nacional s\u00f3lida. \u201cInculcar en nuestros j\u00f3venes el significado de la independencia y los sacrificios de nuestros padres fundadores es esencial para que valoren lo que significa ser dominicano\u201d, se\u00f1al\u00f3.<\/p>\n<p>El ingeniero tambi\u00e9n mencion\u00f3 la relevancia de preservar nuestras tradiciones y cultura como pilares de nuestra identidad. \u201cLa m\u00fasica, la gastronom\u00eda y las festividades son parte integral de lo que somos. Debemos celebrarlas y promoverlas en todos los rincones de nuestra naci\u00f3n\u201d, expres\u00f3.<\/p>\n<p>En este contexto, Hern\u00e1ndez Alberto inst\u00f3 a las autoridades y a la sociedad civil a colaborar en iniciativas que fomenten el orgullo nacional y la valoraci\u00f3n de nuestra historia. \u201cEs un deber de todos contribuir a la construcci\u00f3n de un pa\u00eds donde la dominicanidad sea el motor de nuestro desarrollo\u201d, concluy\u00f3.<\/p>\n<p>Finalmente, el ingeniero hizo un llamado a la reflexi\u00f3n sobre el significado de la independencia. \u201cNo es solo una fecha en el calendario, sino un compromiso continuo con nuestra patria y nuestros ideales\u201d, afirm\u00f3.<\/p>\n<p>La celebraci\u00f3n del 181 aniversario de la independencia dominicana es una oportunidad para renovar nuestro compromiso hacia la naci\u00f3n y hacia los principios que nos gu\u00edan como dominicanos.<\/p>\n","protected":false},"excerpt":{"rendered":"<p>Santo Domingo &#8211; En el marco de la celebraci\u00f3n del 181 aniversario de la independencia dominicana, el ingeniero Tom\u00e1s Hern\u00e1ndez Alberto ha emitido un importante mensaje sobre la necesidad de mantener en alto la dominicanidad y los valores que forjaron la independencia del pa\u00eds. Hern\u00e1ndez Alberto, reconocido por su compromiso con el desarrollo social y [&hellip;]<\/p>\n","protected":false},"author":10,"featured_media":2275,"comment_status":"open","ping_status":"open","sticky":false,"template":"","format":"standard","meta":{"om_disable_all_campaigns":false,"_monsterinsights_skip_tracking":false,"_monsterinsights_sitenote_active":false,"_monsterinsights_sitenote_note":"","_monsterinsights_sitenote_category":0,"footnotes":""},"categories":[1],"tags":[163],"class_list":{"0":"post-2767","1":"post","2":"type-post","3":"status-publish","4":"format-standard","5":"has-post-thumbnail","7":"category-nacionales","8":"tag-tomas-hernandez-alberto"},"aioseo_notices":[],"_links":{"self":[{"href":"https:\/\/periodicolarepublica.com\/index.php\/wp-json\/wp\/v2\/posts\/2767","targetHints":{"allow":["GET"]}}],"collection":[{"href":"https:\/\/periodicolarepublica.com\/index.php\/wp-json\/wp\/v2\/posts"}],"about":[{"href":"https:\/\/periodicolarepublica.com\/index.php\/wp-json\/wp\/v2\/types\/post"}],"author":[{"embeddable":true,"href":"https:\/\/periodicolarepublica.com\/index.php\/wp-json\/wp\/v2\/users\/10"}],"replies":[{"embeddable":true,"href":"https:\/\/periodicolarepublica.com\/index.php\/wp-json\/wp\/v2\/comments?post=2767"}],"version-history":[{"count":1,"href":"https:\/\/periodicolarepublica.com\/index.php\/wp-json\/wp\/v2\/posts\/2767\/revisions"}],"predecessor-version":[{"id":2768,"href":"https:\/\/periodicolarepublica.com\/index.php\/wp-json\/wp\/v2\/posts\/2767\/revisions\/2768"}],"wp:featuredmedia":[{"embeddable":true,"href":"https:\/\/periodicolarepublica.com\/index.php\/wp-json\/wp\/v2\/media\/2275"}],"wp:attachment":[{"href":"https:\/\/periodicolarepublica.com\/index.php\/wp-json\/wp\/v2\/media?parent=2767"}],"wp:term":[{"taxonomy":"category","embeddable":true,"href":"https:\/\/periodicolarepublica.com\/index.php\/wp-json\/wp\/v2\/categories?post=2767"},{"taxonomy":"post_tag","embeddable":true,"href":"https:\/\/periodicolarepublica.com\/index.php\/wp-json\/wp\/v2\/tags?post=2767"}],"curies":[{"name":"wp","href":"https:\/\/api.w.org\/{rel}","templated":true}]}}