{"id":2769,"date":"2025-02-27T20:33:51","date_gmt":"2025-02-27T19:33:51","guid":{"rendered":"https:\/\/periodicolarepublica.com\/?p=2769"},"modified":"2025-02-27T20:33:51","modified_gmt":"2025-02-27T19:33:51","slug":"tomas-hernandez-alberto-asegura-que-el-discurso-de-rendicion-de-cuentas-del-presidente-luis-abinader-fue-bien-valorado","status":"publish","type":"post","link":"https:\/\/periodicolarepublica.com\/index.php\/2025\/02\/27\/tomas-hernandez-alberto-asegura-que-el-discurso-de-rendicion-de-cuentas-del-presidente-luis-abinader-fue-bien-valorado\/","title":{"rendered":"\u00abTom\u00e1s Hern\u00e1ndez Alberto Asegura que el Discurso de Rendici\u00f3n de Cuentas del Presidente Luis Abinader Fue Bien Valorado\u00bb"},"content":{"rendered":"<p>Santo Domingo, \u2013 El ingeniero Tom\u00e1s Hern\u00e1ndez Alberto ha realizado un profundo an\u00e1lisis del discurso de rendici\u00f3n de cuentas presentado por el presidente Luis Abinader, destacando su relevancia y la respuesta positiva que ha generado en la poblaci\u00f3n dominicana. Seg\u00fan Hern\u00e1ndez, el discurso ha sido un reflejo del compromiso del presidente con el pueblo, evidenciando un gobierno que trabaja para el bienestar de todos.<em><img loading=\"lazy\" decoding=\"async\" class=\"alignnone size-medium wp-image-1804\" src=\"https:\/\/periodicolarepublica.com\/wp-content\/uploads\/2024\/10\/IMG-20240525-WA0100-300x200.jpg\" alt=\"\" width=\"300\" height=\"200\" srcset=\"https:\/\/periodicolarepublica.com\/wp-content\/uploads\/2024\/10\/IMG-20240525-WA0100-300x200.jpg?v=1727804560 300w, https:\/\/periodicolarepublica.com\/wp-content\/uploads\/2024\/10\/IMG-20240525-WA0100-1024x682.jpg?v=1727804560 1024w, https:\/\/periodicolarepublica.com\/wp-content\/uploads\/2024\/10\/IMG-20240525-WA0100-768x511.jpg?v=1727804560 768w, https:\/\/periodicolarepublica.com\/wp-content\/uploads\/2024\/10\/IMG-20240525-WA0100-150x100.jpg?v=1727804560 150w, https:\/\/periodicolarepublica.com\/wp-content\/uploads\/2024\/10\/IMG-20240525-WA0100-600x399.jpg?v=1727804560 600w, https:\/\/periodicolarepublica.com\/wp-content\/uploads\/2024\/10\/IMG-20240525-WA0100-696x463.jpg?v=1727804560 696w, https:\/\/periodicolarepublica.com\/wp-content\/uploads\/2024\/10\/IMG-20240525-WA0100-1068x711.jpg?v=1727804560 1068w, https:\/\/periodicolarepublica.com\/wp-content\/uploads\/2024\/10\/IMG-20240525-WA0100.jpg?v=1727804560 1080w\" sizes=\"auto, (max-width: 300px) 100vw, 300px\" \/><\/em><\/p>\n<p>El ingeniero Hern\u00e1ndez enfatiza que el discurso de Abinader ha cumplido con las expectativas del pueblo y ha desmontado las cr\u00edticas de la oposici\u00f3n. \u201cEs un discurso que no tiene desperdicio\u201d, afirma, se\u00f1alando que ha dejado claro que la llegada de Abinader al poder en 2020 marc\u00f3 un cambio significativo en la Rep\u00fablica Dominicana.<\/p>\n<p>Este cambio, seg\u00fan el an\u00e1lisis, se ha traducido en una mejora en la democracia y en la aplicaci\u00f3n de la ley. Hern\u00e1ndez destaca que, por primera vez, la acci\u00f3n de los funcionarios se alinea con los principios de transparencia y legalidad, lo que representa un avance notable en la gobernanza del pa\u00eds.<\/p>\n<p>Uno de los puntos clave del discurso es la reafirmaci\u00f3n de la independencia de las cortes en la Rep\u00fablica Dominicana, un cambio que Hern\u00e1ndez considera fundamental para el fortalecimiento del Estado de derecho. \u201cEste es un cambio sustancial que beneficia a toda la naci\u00f3n\u201d, agrega.<\/p>\n<p>El ingeniero tambi\u00e9n resalta que las obras y pol\u00edticas del gobierno est\u00e1n orientadas a mejorar la calidad de vida de los ciudadanos, en lugar de responder a la oposici\u00f3n. \u201cEl enfoque del gobierno es claro: cambiar la suerte de la gente\u201d, afirma, instando a la poblaci\u00f3n a reconocer estos esfuerzos.<\/p>\n<p>Hern\u00e1ndez sugiere que, independientemente de las diferencias pol\u00edticas, todos los dominicanos deben sentirse orgullosos del camino trazado por Abinader y el Partido Revolucionario Moderno (PRM). \u201cHa habido avances en todos los planos\u201d, destaca, invitando a la unidad y al reconocimiento de los logros.<\/p>\n<p>Adem\u00e1s, subraya la importancia de la valoraci\u00f3n internacional del gobierno dominicano. \u201cLos organismos internacionales son quienes mejor pueden evaluar la gesti\u00f3n del presidente\u201d, dice, resaltando que el pa\u00eds ha avanzado en t\u00e9rminos globales.<\/p>\n<p>El ingeniero concluye que, si el PRM contin\u00faa en el poder, hay una gran oportunidad para que la Rep\u00fablica Dominicana alcance un desarrollo sostenible. \u201cHoy somos un mejor pa\u00eds que el que encontramos\u201d, asegura, reafirmando la visi\u00f3n optimista para el futuro.<\/p>\n<p>Finalmente, Hern\u00e1ndez hace un llamado al pueblo dominicano para que no se deje influenciar por el pesimismo. \u201cLas cifras y variables presentadas por el presidente est\u00e1n respaldadas por datos internacionales\u201d, concluye, instando a todos a mantener la fe en el progreso.<\/p>\n","protected":false},"excerpt":{"rendered":"<p>Santo Domingo, \u2013 El ingeniero Tom\u00e1s Hern\u00e1ndez Alberto ha realizado un profundo an\u00e1lisis del discurso de rendici\u00f3n de cuentas presentado por el presidente Luis Abinader, destacando su relevancia y la respuesta positiva que ha generado en la poblaci\u00f3n dominicana. Seg\u00fan Hern\u00e1ndez, el discurso ha sido un reflejo del compromiso del presidente con el pueblo, evidenciando [&hellip;]<\/p>\n","protected":false},"author":10,"featured_media":1804,"comment_status":"open","ping_status":"open","sticky":false,"template":"","format":"standard","meta":{"om_disable_all_campaigns":false,"_monsterinsights_skip_tracking":false,"_monsterinsights_sitenote_active":false,"_monsterinsights_sitenote_note":"","_monsterinsights_sitenote_category":0,"footnotes":""},"categories":[1],"tags":[163],"class_list":{"0":"post-2769","1":"post","2":"type-post","3":"status-publish","4":"format-standard","5":"has-post-thumbnail","7":"category-nacionales","8":"tag-tomas-hernandez-alberto"},"aioseo_notices":[],"_links":{"self":[{"href":"https:\/\/periodicolarepublica.com\/index.php\/wp-json\/wp\/v2\/posts\/2769","targetHints":{"allow":["GET"]}}],"collection":[{"href":"https:\/\/periodicolarepublica.com\/index.php\/wp-json\/wp\/v2\/posts"}],"about":[{"href":"https:\/\/periodicolarepublica.com\/index.php\/wp-json\/wp\/v2\/types\/post"}],"author":[{"embeddable":true,"href":"https:\/\/periodicolarepublica.com\/index.php\/wp-json\/wp\/v2\/users\/10"}],"replies":[{"embeddable":true,"href":"https:\/\/periodicolarepublica.com\/index.php\/wp-json\/wp\/v2\/comments?post=2769"}],"version-history":[{"count":1,"href":"https:\/\/periodicolarepublica.com\/index.php\/wp-json\/wp\/v2\/posts\/2769\/revisions"}],"predecessor-version":[{"id":2770,"href":"https:\/\/periodicolarepublica.com\/index.php\/wp-json\/wp\/v2\/posts\/2769\/revisions\/2770"}],"wp:featuredmedia":[{"embeddable":true,"href":"https:\/\/periodicolarepublica.com\/index.php\/wp-json\/wp\/v2\/media\/1804"}],"wp:attachment":[{"href":"https:\/\/periodicolarepublica.com\/index.php\/wp-json\/wp\/v2\/media?parent=2769"}],"wp:term":[{"taxonomy":"category","embeddable":true,"href":"https:\/\/periodicolarepublica.com\/index.php\/wp-json\/wp\/v2\/categories?post=2769"},{"taxonomy":"post_tag","embeddable":true,"href":"https:\/\/periodicolarepublica.com\/index.php\/wp-json\/wp\/v2\/tags?post=2769"}],"curies":[{"name":"wp","href":"https:\/\/api.w.org\/{rel}","templated":true}]}}