{"id":2771,"date":"2025-02-28T19:20:38","date_gmt":"2025-02-28T18:20:38","guid":{"rendered":"https:\/\/periodicolarepublica.com\/?p=2771"},"modified":"2025-02-28T19:20:38","modified_gmt":"2025-02-28T18:20:38","slug":"ex-director-del-intrant-asegura-discurso-de-luis-abinader-refleja-grandes-avances-de-rd","status":"publish","type":"post","link":"https:\/\/periodicolarepublica.com\/index.php\/2025\/02\/28\/ex-director-del-intrant-asegura-discurso-de-luis-abinader-refleja-grandes-avances-de-rd\/","title":{"rendered":"Ex director del Intrant asegura discurso de Luis Abinader refleja grandes avances de RD"},"content":{"rendered":"<p>Santo Domingo, DN, 27 de febrero\u00a0 2025.- El exdirector del Instituto Nacional de Tr\u00e1nsito y Transporte Terrestre (INTRANT), Rafael Arias, calific\u00f3 el discurso de rendici\u00f3n de cuentas del presidente Luis Abinader como un compendio de realizaciones que han consolidado a la Rep\u00fablica Dominicana como una de las econom\u00edas de mayor crecimiento en Am\u00e9ricaLatina.<img loading=\"lazy\" decoding=\"async\" class=\"size-medium wp-image-2772 alignright\" src=\"https:\/\/periodicolarepublica.com\/wp-content\/uploads\/2025\/02\/IMG-20250228-WA0209-200x300.jpg\" alt=\"\" width=\"200\" height=\"300\" srcset=\"https:\/\/periodicolarepublica.com\/wp-content\/uploads\/2025\/02\/IMG-20250228-WA0209-200x300.jpg?v=1740766805 200w, https:\/\/periodicolarepublica.com\/wp-content\/uploads\/2025\/02\/IMG-20250228-WA0209-683x1024.jpg?v=1740766805 683w, https:\/\/periodicolarepublica.com\/wp-content\/uploads\/2025\/02\/IMG-20250228-WA0209-768x1152.jpg?v=1740766805 768w, https:\/\/periodicolarepublica.com\/wp-content\/uploads\/2025\/02\/IMG-20250228-WA0209-1024x1536.jpg?v=1740766805 1024w, https:\/\/periodicolarepublica.com\/wp-content\/uploads\/2025\/02\/IMG-20250228-WA0209-1365x2048.jpg?v=1740766805 1365w, https:\/\/periodicolarepublica.com\/wp-content\/uploads\/2025\/02\/IMG-20250228-WA0209-150x225.jpg?v=1740766805 150w, https:\/\/periodicolarepublica.com\/wp-content\/uploads\/2025\/02\/IMG-20250228-WA0209-300x450.jpg?v=1740766805 300w, https:\/\/periodicolarepublica.com\/wp-content\/uploads\/2025\/02\/IMG-20250228-WA0209-600x900.jpg?v=1740766805 600w, https:\/\/periodicolarepublica.com\/wp-content\/uploads\/2025\/02\/IMG-20250228-WA0209-696x1044.jpg?v=1740766805 696w, https:\/\/periodicolarepublica.com\/wp-content\/uploads\/2025\/02\/IMG-20250228-WA0209-1392x2088.jpg?v=1740766805 1392w, https:\/\/periodicolarepublica.com\/wp-content\/uploads\/2025\/02\/IMG-20250228-WA0209-1068x1602.jpg?v=1740766805 1068w, https:\/\/periodicolarepublica.com\/wp-content\/uploads\/2025\/02\/IMG-20250228-WA0209-1920x2880.jpg?v=1740766805 1920w, https:\/\/periodicolarepublica.com\/wp-content\/uploads\/2025\/02\/IMG-20250228-WA0209-scaled.jpg?v=1740766805 1707w\" sizes=\"auto, (max-width: 200px) 100vw, 200px\" \/><\/p>\n<p>Arias resalt\u00f3 que el mandatario present\u00f3 avances significativos en \u00e1reas clave como educaci\u00f3n, salud y obras de infraestructura, destacando el impacto positivo de estas iniciativas en la calidad de vida de los dominicanos.<\/p>\n<p>\u201cEl presidente Abinader ha demostrado con hechos que la Rep\u00fablica Dominicana avanza con pasos firmes hacia un desarrollo sostenible, con pol\u00edticas p\u00fablicas que han fortalecido los sectores m\u00e1s importantes del pa\u00eds\u201d, expres\u00f3 Arias.<\/p>\n<p>Asimismo, subray\u00f3 que los logros expuestos en el discurso reflejan el compromiso del Gobierno con la transparencia y el bienestar social, posicionando al pa\u00eds como un referente en la regi\u00f3n.<\/p>\n","protected":false},"excerpt":{"rendered":"<p>Santo Domingo, DN, 27 de febrero\u00a0 2025.- El exdirector del Instituto Nacional de Tr\u00e1nsito y Transporte Terrestre (INTRANT), Rafael Arias, calific\u00f3 el discurso de rendici\u00f3n de cuentas del presidente Luis Abinader como un compendio de realizaciones que han consolidado a la Rep\u00fablica Dominicana como una de las econom\u00edas de mayor crecimiento en Am\u00e9ricaLatina. Arias resalt\u00f3 [&hellip;]<\/p>\n","protected":false},"author":10,"featured_media":2772,"comment_status":"open","ping_status":"open","sticky":false,"template":"","format":"standard","meta":{"om_disable_all_campaigns":false,"_monsterinsights_skip_tracking":false,"_monsterinsights_sitenote_active":false,"_monsterinsights_sitenote_note":"","_monsterinsights_sitenote_category":0,"footnotes":""},"categories":[1],"tags":[],"class_list":{"0":"post-2771","1":"post","2":"type-post","3":"status-publish","4":"format-standard","5":"has-post-thumbnail","7":"category-nacionales"},"aioseo_notices":[],"_links":{"self":[{"href":"https:\/\/periodicolarepublica.com\/index.php\/wp-json\/wp\/v2\/posts\/2771","targetHints":{"allow":["GET"]}}],"collection":[{"href":"https:\/\/periodicolarepublica.com\/index.php\/wp-json\/wp\/v2\/posts"}],"about":[{"href":"https:\/\/periodicolarepublica.com\/index.php\/wp-json\/wp\/v2\/types\/post"}],"author":[{"embeddable":true,"href":"https:\/\/periodicolarepublica.com\/index.php\/wp-json\/wp\/v2\/users\/10"}],"replies":[{"embeddable":true,"href":"https:\/\/periodicolarepublica.com\/index.php\/wp-json\/wp\/v2\/comments?post=2771"}],"version-history":[{"count":1,"href":"https:\/\/periodicolarepublica.com\/index.php\/wp-json\/wp\/v2\/posts\/2771\/revisions"}],"predecessor-version":[{"id":2773,"href":"https:\/\/periodicolarepublica.com\/index.php\/wp-json\/wp\/v2\/posts\/2771\/revisions\/2773"}],"wp:featuredmedia":[{"embeddable":true,"href":"https:\/\/periodicolarepublica.com\/index.php\/wp-json\/wp\/v2\/media\/2772"}],"wp:attachment":[{"href":"https:\/\/periodicolarepublica.com\/index.php\/wp-json\/wp\/v2\/media?parent=2771"}],"wp:term":[{"taxonomy":"category","embeddable":true,"href":"https:\/\/periodicolarepublica.com\/index.php\/wp-json\/wp\/v2\/categories?post=2771"},{"taxonomy":"post_tag","embeddable":true,"href":"https:\/\/periodicolarepublica.com\/index.php\/wp-json\/wp\/v2\/tags?post=2771"}],"curies":[{"name":"wp","href":"https:\/\/api.w.org\/{rel}","templated":true}]}}