{"id":2774,"date":"2025-03-02T21:07:13","date_gmt":"2025-03-02T20:07:13","guid":{"rendered":"https:\/\/periodicolarepublica.com\/?p=2774"},"modified":"2025-03-02T21:07:13","modified_gmt":"2025-03-02T20:07:13","slug":"luis-abinader-y-su-quinta-rendicion-de-cuentas-un-discurso-claro-y-sin-desperdicio","status":"publish","type":"post","link":"https:\/\/periodicolarepublica.com\/index.php\/2025\/03\/02\/luis-abinader-y-su-quinta-rendicion-de-cuentas-un-discurso-claro-y-sin-desperdicio\/","title":{"rendered":"Luis Abinader y su Quinta Rendici\u00f3n de Cuentas: Un Discurso Claro y Sin Desperdicio"},"content":{"rendered":"<p>El pasado 27 de febrero, el presidente Luis Abinader present\u00f3 su quinta rendici\u00f3n de cuentas ante la naci\u00f3n, un discurso bien estructurado en el que detall\u00f3 los logros de su gesti\u00f3n desde el 2020. En su intervenci\u00f3n, resalt\u00f3 el crecimiento econ\u00f3mico del pa\u00eds, las mejoras en pol\u00edticas p\u00fablicas y su compromiso con la transparencia y la justicia social.<img loading=\"lazy\" decoding=\"async\" class=\"size-medium wp-image-2775 alignright\" src=\"https:\/\/periodicolarepublica.com\/wp-content\/uploads\/2025\/03\/IMG_20250302_160520-240x300.jpg\" alt=\"\" width=\"240\" height=\"300\" srcset=\"https:\/\/periodicolarepublica.com\/wp-content\/uploads\/2025\/03\/IMG_20250302_160520-240x300.jpg?v=1740946019 240w, https:\/\/periodicolarepublica.com\/wp-content\/uploads\/2025\/03\/IMG_20250302_160520-819x1024.jpg?v=1740946019 819w, https:\/\/periodicolarepublica.com\/wp-content\/uploads\/2025\/03\/IMG_20250302_160520-768x960.jpg?v=1740946019 768w, https:\/\/periodicolarepublica.com\/wp-content\/uploads\/2025\/03\/IMG_20250302_160520-1229x1536.jpg?v=1740946019 1229w, https:\/\/periodicolarepublica.com\/wp-content\/uploads\/2025\/03\/IMG_20250302_160520-1638x2048.jpg?v=1740946019 1638w, https:\/\/periodicolarepublica.com\/wp-content\/uploads\/2025\/03\/IMG_20250302_160520-150x188.jpg?v=1740946019 150w, https:\/\/periodicolarepublica.com\/wp-content\/uploads\/2025\/03\/IMG_20250302_160520-300x375.jpg?v=1740946019 300w, https:\/\/periodicolarepublica.com\/wp-content\/uploads\/2025\/03\/IMG_20250302_160520-600x750.jpg?v=1740946019 600w, https:\/\/periodicolarepublica.com\/wp-content\/uploads\/2025\/03\/IMG_20250302_160520-696x870.jpg?v=1740946019 696w, https:\/\/periodicolarepublica.com\/wp-content\/uploads\/2025\/03\/IMG_20250302_160520-1392x1740.jpg?v=1740946019 1392w, https:\/\/periodicolarepublica.com\/wp-content\/uploads\/2025\/03\/IMG_20250302_160520-1068x1335.jpg?v=1740946019 1068w, https:\/\/periodicolarepublica.com\/wp-content\/uploads\/2025\/03\/IMG_20250302_160520.jpg?v=1740946019 1920w\" sizes=\"auto, (max-width: 240px) 100vw, 240px\" \/><\/p>\n<p>Uno de los puntos clave del discurso fue la transformaci\u00f3n que ha experimentado la Rep\u00fablica Dominicana en estos \u00faltimos a\u00f1os. Es evidente que ya no somos el mismo pa\u00eds de antes; se han sentado las bases para un futuro m\u00e1s pr\u00f3spero y con mayores oportunidades para todos.<\/p>\n<p>El crecimiento econ\u00f3mico ha sido un aspecto fundamental en la gesti\u00f3n de Abinader. A pesar de los desaf\u00edos globales, el pa\u00eds ha logrado mantener una estabilidad macroecon\u00f3mica que permite a los ciudadanos ver mejoras reales en su calidad de vida. La inversi\u00f3n en infraestructura, educaci\u00f3n y salud demuestra que hay una visi\u00f3n clara de desarrollo sostenible.<\/p>\n<p>Otro tema importante abordado en su discurso fue la lucha contra la corrupci\u00f3n y la impunidad. En su mandato, se han tomado medidas para garantizar que los recursos del Estado sean manejados con transparencia y eficiencia. Esto fortalece la confianza de los ciudadanos en las instituciones y marca una diferencia con gestiones pasadas.<\/p>\n<p>En el \u00e1mbito social, Abinader destac\u00f3 los avances en programas de asistencia para los sectores m\u00e1s vulnerables. Desde la ampliaci\u00f3n de subsidios hasta la mejora en la seguridad ciudadana, el gobierno ha mostrado un inter\u00e9s genuino en garantizar el bienestar de todos los dominicanos.<\/p>\n<p>Tambi\u00e9n se resalt\u00f3 el compromiso con el sector productivo. La estabilidad econ\u00f3mica y la atracci\u00f3n de inversiones han permitido la creaci\u00f3n de empleos y el fortalecimiento de peque\u00f1as y medianas empresas, lo que genera un impacto positivo en la vida de muchas familias.<\/p>\n<p>La educaci\u00f3n y la salud han sido pilares fundamentales en su administraci\u00f3n. La inversi\u00f3n en escuelas, el aumento de salarios para los maestros y las mejoras en los hospitales son prueba de un gobierno que apuesta por el progreso y el bienestar social.<\/p>\n<p>El discurso tambi\u00e9n dej\u00f3 en claro que la Rep\u00fablica Dominicana est\u00e1 avanzando en su pol\u00edtica exterior. La gesti\u00f3n de relaciones internacionales ha permitido al pa\u00eds fortalecer lazos con otras naciones y atraer inversiones que impulsan el desarrollo.<\/p>\n<p>Abinader se ha caracterizado por ser un presidente que gobierna para todos, sin distinci\u00f3n. Sus pol\u00edticas buscan la equidad y la inclusi\u00f3n, garantizando que cada dominicano tenga acceso a mejores oportunidades.<\/p>\n<p>En conclusi\u00f3n, la quinta rendici\u00f3n de cuentas del presidente Luis Abinader fue un discurso bien explicado, sin desperdicio alguno. Expuso con claridad los logros alcanzados y reafirm\u00f3 su compromiso con el desarrollo del pa\u00eds. Rep\u00fablica Dominicana avanza hacia un futuro m\u00e1s prometedor, con estabilidad, crecimiento y una visi\u00f3n de gobierno justa y equitativa para todos.<\/p>\n","protected":false},"excerpt":{"rendered":"<p>El pasado 27 de febrero, el presidente Luis Abinader present\u00f3 su quinta rendici\u00f3n de cuentas ante la naci\u00f3n, un discurso bien estructurado en el que detall\u00f3 los logros de su gesti\u00f3n desde el 2020. En su intervenci\u00f3n, resalt\u00f3 el crecimiento econ\u00f3mico del pa\u00eds, las mejoras en pol\u00edticas p\u00fablicas y su compromiso con la transparencia y [&hellip;]<\/p>\n","protected":false},"author":10,"featured_media":2775,"comment_status":"open","ping_status":"open","sticky":false,"template":"","format":"standard","meta":{"om_disable_all_campaigns":false,"_monsterinsights_skip_tracking":false,"_monsterinsights_sitenote_active":false,"_monsterinsights_sitenote_note":"","_monsterinsights_sitenote_category":0,"footnotes":""},"categories":[1],"tags":[],"class_list":{"0":"post-2774","1":"post","2":"type-post","3":"status-publish","4":"format-standard","5":"has-post-thumbnail","7":"category-nacionales"},"aioseo_notices":[],"_links":{"self":[{"href":"https:\/\/periodicolarepublica.com\/index.php\/wp-json\/wp\/v2\/posts\/2774","targetHints":{"allow":["GET"]}}],"collection":[{"href":"https:\/\/periodicolarepublica.com\/index.php\/wp-json\/wp\/v2\/posts"}],"about":[{"href":"https:\/\/periodicolarepublica.com\/index.php\/wp-json\/wp\/v2\/types\/post"}],"author":[{"embeddable":true,"href":"https:\/\/periodicolarepublica.com\/index.php\/wp-json\/wp\/v2\/users\/10"}],"replies":[{"embeddable":true,"href":"https:\/\/periodicolarepublica.com\/index.php\/wp-json\/wp\/v2\/comments?post=2774"}],"version-history":[{"count":1,"href":"https:\/\/periodicolarepublica.com\/index.php\/wp-json\/wp\/v2\/posts\/2774\/revisions"}],"predecessor-version":[{"id":2776,"href":"https:\/\/periodicolarepublica.com\/index.php\/wp-json\/wp\/v2\/posts\/2774\/revisions\/2776"}],"wp:featuredmedia":[{"embeddable":true,"href":"https:\/\/periodicolarepublica.com\/index.php\/wp-json\/wp\/v2\/media\/2775"}],"wp:attachment":[{"href":"https:\/\/periodicolarepublica.com\/index.php\/wp-json\/wp\/v2\/media?parent=2774"}],"wp:term":[{"taxonomy":"category","embeddable":true,"href":"https:\/\/periodicolarepublica.com\/index.php\/wp-json\/wp\/v2\/categories?post=2774"},{"taxonomy":"post_tag","embeddable":true,"href":"https:\/\/periodicolarepublica.com\/index.php\/wp-json\/wp\/v2\/tags?post=2774"}],"curies":[{"name":"wp","href":"https:\/\/api.w.org\/{rel}","templated":true}]}}