{"id":2777,"date":"2025-03-03T16:55:08","date_gmt":"2025-03-03T15:55:08","guid":{"rendered":"https:\/\/periodicolarepublica.com\/?p=2777"},"modified":"2025-03-03T16:55:08","modified_gmt":"2025-03-03T15:55:08","slug":"arajet-gana-certificacion-como-la-aerolinea-con-los-aviones-mas-nuevos-del-continente-americano","status":"publish","type":"post","link":"https:\/\/periodicolarepublica.com\/index.php\/2025\/03\/03\/arajet-gana-certificacion-como-la-aerolinea-con-los-aviones-mas-nuevos-del-continente-americano\/","title":{"rendered":"Arajet gana certificaci\u00f3n como la aerol\u00ednea con los aviones m\u00e1s nuevos del continente americano"},"content":{"rendered":"<p style=\"text-align: left;\">Santo Domingo. &#8211; Arajet, la aerol\u00ednea l\u00edder de Rep\u00fablica Dominicana y El Caribe, fue galardonada por CH-Aviation como la l\u00ednea a\u00e9rea con los aviones m\u00e1s j\u00f3venes en Norteam\u00e9rica y la quinta del mundo por su moderna y c\u00f3moda flotilla de Boeing 737 Max 8 donde se destaca el compromiso de las aerol\u00edneas con la innovaci\u00f3n y la gesti\u00f3n ambiental.<\/p>\n<p style=\"text-align: left;\">La premiaci\u00f3n organizada por CH-Aviation resalta que, a trav\u00e9s de esta iniciativa, buscan resaltar el compromiso de las l\u00edneas a\u00e9reas que priorizan seguridad y comodidad de sus pasajeros con la modernizaci\u00f3n de sus flotas desempe\u00f1ando un importante papel en la reducci\u00f3n de las emisiones de CO2 relacionadas con la aviaci\u00f3n y la mejora de la eficiencia del combustible.<\/p>\n<p><img loading=\"lazy\" decoding=\"async\" class=\"alignnone size-medium wp-image-2109\" src=\"https:\/\/periodicolarepublica.com\/wp-content\/uploads\/2024\/11\/Boeing_737_Max_-_HI1101_-_Arajet-300x200.jpg\" alt=\"\" width=\"300\" height=\"200\" srcset=\"https:\/\/periodicolarepublica.com\/wp-content\/uploads\/2024\/11\/Boeing_737_Max_-_HI1101_-_Arajet-300x200.jpg?v=1731517413 300w, https:\/\/periodicolarepublica.com\/wp-content\/uploads\/2024\/11\/Boeing_737_Max_-_HI1101_-_Arajet-1024x683.jpg?v=1731517413 1024w, https:\/\/periodicolarepublica.com\/wp-content\/uploads\/2024\/11\/Boeing_737_Max_-_HI1101_-_Arajet-768x512.jpg?v=1731517413 768w, https:\/\/periodicolarepublica.com\/wp-content\/uploads\/2024\/11\/Boeing_737_Max_-_HI1101_-_Arajet-150x100.jpg?v=1731517413 150w, https:\/\/periodicolarepublica.com\/wp-content\/uploads\/2024\/11\/Boeing_737_Max_-_HI1101_-_Arajet-600x400.jpg?v=1731517413 600w, https:\/\/periodicolarepublica.com\/wp-content\/uploads\/2024\/11\/Boeing_737_Max_-_HI1101_-_Arajet-696x464.jpg?v=1731517413 696w, https:\/\/periodicolarepublica.com\/wp-content\/uploads\/2024\/11\/Boeing_737_Max_-_HI1101_-_Arajet-1068x712.jpg?v=1731517413 1068w, https:\/\/periodicolarepublica.com\/wp-content\/uploads\/2024\/11\/Boeing_737_Max_-_HI1101_-_Arajet.jpg?v=1731517413 1200w\" sizes=\"auto, (max-width: 300px) 100vw, 300px\" \/><\/p>\n","protected":false},"excerpt":{"rendered":"<p>Santo Domingo. &#8211; Arajet, la aerol\u00ednea l\u00edder de Rep\u00fablica Dominicana y El Caribe, fue galardonada por CH-Aviation como la l\u00ednea a\u00e9rea con los aviones m\u00e1s j\u00f3venes en Norteam\u00e9rica y la quinta del mundo por su moderna y c\u00f3moda flotilla de Boeing 737 Max 8 donde se destaca el compromiso de las aerol\u00edneas con la innovaci\u00f3n [&hellip;]<\/p>\n","protected":false},"author":6,"featured_media":2109,"comment_status":"open","ping_status":"open","sticky":false,"template":"","format":"standard","meta":{"om_disable_all_campaigns":false,"_monsterinsights_skip_tracking":false,"_monsterinsights_sitenote_active":false,"_monsterinsights_sitenote_note":"","_monsterinsights_sitenote_category":0,"footnotes":""},"categories":[1,20],"tags":[288,106],"class_list":{"0":"post-2777","1":"post","2":"type-post","3":"status-publish","4":"format-standard","5":"has-post-thumbnail","7":"category-nacionales","8":"category-turismo","9":"tag-arajet-com","10":"tag-boletos-aereos"},"aioseo_notices":[],"_links":{"self":[{"href":"https:\/\/periodicolarepublica.com\/index.php\/wp-json\/wp\/v2\/posts\/2777","targetHints":{"allow":["GET"]}}],"collection":[{"href":"https:\/\/periodicolarepublica.com\/index.php\/wp-json\/wp\/v2\/posts"}],"about":[{"href":"https:\/\/periodicolarepublica.com\/index.php\/wp-json\/wp\/v2\/types\/post"}],"author":[{"embeddable":true,"href":"https:\/\/periodicolarepublica.com\/index.php\/wp-json\/wp\/v2\/users\/6"}],"replies":[{"embeddable":true,"href":"https:\/\/periodicolarepublica.com\/index.php\/wp-json\/wp\/v2\/comments?post=2777"}],"version-history":[{"count":1,"href":"https:\/\/periodicolarepublica.com\/index.php\/wp-json\/wp\/v2\/posts\/2777\/revisions"}],"predecessor-version":[{"id":2778,"href":"https:\/\/periodicolarepublica.com\/index.php\/wp-json\/wp\/v2\/posts\/2777\/revisions\/2778"}],"wp:featuredmedia":[{"embeddable":true,"href":"https:\/\/periodicolarepublica.com\/index.php\/wp-json\/wp\/v2\/media\/2109"}],"wp:attachment":[{"href":"https:\/\/periodicolarepublica.com\/index.php\/wp-json\/wp\/v2\/media?parent=2777"}],"wp:term":[{"taxonomy":"category","embeddable":true,"href":"https:\/\/periodicolarepublica.com\/index.php\/wp-json\/wp\/v2\/categories?post=2777"},{"taxonomy":"post_tag","embeddable":true,"href":"https:\/\/periodicolarepublica.com\/index.php\/wp-json\/wp\/v2\/tags?post=2777"}],"curies":[{"name":"wp","href":"https:\/\/api.w.org\/{rel}","templated":true}]}}