{"id":2789,"date":"2025-03-05T02:52:47","date_gmt":"2025-03-05T01:52:47","guid":{"rendered":"https:\/\/periodicolarepublica.com\/?p=2789"},"modified":"2025-03-05T02:52:47","modified_gmt":"2025-03-05T01:52:47","slug":"presidente-del-senado-anuncia-respaldo-a-proyectos-en-favor-de-la-diaspora","status":"publish","type":"post","link":"https:\/\/periodicolarepublica.com\/index.php\/2025\/03\/05\/presidente-del-senado-anuncia-respaldo-a-proyectos-en-favor-de-la-diaspora\/","title":{"rendered":"Presidente del Senado anuncia respaldo a proyectos en favor de la di\u00e1spora"},"content":{"rendered":"<p><img loading=\"lazy\" decoding=\"async\" class=\"alignnone size-medium wp-image-2791\" src=\"https:\/\/periodicolarepublica.com\/wp-content\/uploads\/2025\/03\/channels4_profile-300x300.jpg\" alt=\"\" width=\"300\" height=\"300\" srcset=\"https:\/\/periodicolarepublica.com\/wp-content\/uploads\/2025\/03\/channels4_profile-300x300.jpg?v=1741139548 300w, https:\/\/periodicolarepublica.com\/wp-content\/uploads\/2025\/03\/channels4_profile-150x150.jpg?v=1741139548 150w, https:\/\/periodicolarepublica.com\/wp-content\/uploads\/2025\/03\/channels4_profile-768x768.jpg?v=1741139548 768w, https:\/\/periodicolarepublica.com\/wp-content\/uploads\/2025\/03\/channels4_profile-600x600.jpg?v=1741139548 600w, https:\/\/periodicolarepublica.com\/wp-content\/uploads\/2025\/03\/channels4_profile-696x696.jpg?v=1741139548 696w, https:\/\/periodicolarepublica.com\/wp-content\/uploads\/2025\/03\/channels4_profile.jpg?v=1741139548 900w\" sizes=\"auto, (max-width: 300px) 100vw, 300px\" \/><\/p>\n<p>SANTO DOMINGO. &#8211; El presidente del Senado, Ricardo de los Santos, recibi\u00f3 este lunes la visita del c\u00f3nsul dominicano en la ciudad de New York, Jes\u00fas Antonio V\u00e1squez, quien acudi\u00f3 a presentarle varias iniciativas que favorecen a los dominicanos residentes en esa urbe.<\/p>\n<p>&nbsp;<\/p>\n<p>En sus planteamientos, el c\u00f3nsul dominicano present\u00f3 un proyecto de resoluci\u00f3n que crea el Premio Rafael Lantigua, y la resoluci\u00f3n que crea un programa de reconocimiento a la excelencia acad\u00e9mica de Estudiantes Meritorios en la ciudad de New York 2025; adem\u00e1s, de la presentaci\u00f3n del Plan Estrat\u00e9gico 2025-2028, que llevar\u00e1 a cabo esa oficina consular.<\/p>\n<p>&nbsp;<\/p>\n<p>El presidente del Senado, se comprometi\u00f3 con el c\u00f3nsul Jes\u00fas V\u00e1squez, a respaldar estas iniciativas, al considerar que las mismas llegan para beneficiar y reconocer a hombres y mujeres radicados en el extranjero, para destacar su esfuerzo y desarrollo educativo.<\/p>\n","protected":false},"excerpt":{"rendered":"<p>SANTO DOMINGO. &#8211; El presidente del Senado, Ricardo de los Santos, recibi\u00f3 este lunes la visita del c\u00f3nsul dominicano en la ciudad de New York, Jes\u00fas Antonio V\u00e1squez, quien acudi\u00f3 a presentarle varias iniciativas que favorecen a los dominicanos residentes en esa urbe. &nbsp; En sus planteamientos, el c\u00f3nsul dominicano present\u00f3 un proyecto de resoluci\u00f3n [&hellip;]<\/p>\n","protected":false},"author":1,"featured_media":2791,"comment_status":"open","ping_status":"open","sticky":false,"template":"","format":"standard","meta":{"om_disable_all_campaigns":false,"_monsterinsights_skip_tracking":false,"_monsterinsights_sitenote_active":false,"_monsterinsights_sitenote_note":"","_monsterinsights_sitenote_category":0,"footnotes":""},"categories":[1],"tags":[],"class_list":{"0":"post-2789","1":"post","2":"type-post","3":"status-publish","4":"format-standard","5":"has-post-thumbnail","7":"category-nacionales"},"aioseo_notices":[],"_links":{"self":[{"href":"https:\/\/periodicolarepublica.com\/index.php\/wp-json\/wp\/v2\/posts\/2789","targetHints":{"allow":["GET"]}}],"collection":[{"href":"https:\/\/periodicolarepublica.com\/index.php\/wp-json\/wp\/v2\/posts"}],"about":[{"href":"https:\/\/periodicolarepublica.com\/index.php\/wp-json\/wp\/v2\/types\/post"}],"author":[{"embeddable":true,"href":"https:\/\/periodicolarepublica.com\/index.php\/wp-json\/wp\/v2\/users\/1"}],"replies":[{"embeddable":true,"href":"https:\/\/periodicolarepublica.com\/index.php\/wp-json\/wp\/v2\/comments?post=2789"}],"version-history":[{"count":1,"href":"https:\/\/periodicolarepublica.com\/index.php\/wp-json\/wp\/v2\/posts\/2789\/revisions"}],"predecessor-version":[{"id":2792,"href":"https:\/\/periodicolarepublica.com\/index.php\/wp-json\/wp\/v2\/posts\/2789\/revisions\/2792"}],"wp:featuredmedia":[{"embeddable":true,"href":"https:\/\/periodicolarepublica.com\/index.php\/wp-json\/wp\/v2\/media\/2791"}],"wp:attachment":[{"href":"https:\/\/periodicolarepublica.com\/index.php\/wp-json\/wp\/v2\/media?parent=2789"}],"wp:term":[{"taxonomy":"category","embeddable":true,"href":"https:\/\/periodicolarepublica.com\/index.php\/wp-json\/wp\/v2\/categories?post=2789"},{"taxonomy":"post_tag","embeddable":true,"href":"https:\/\/periodicolarepublica.com\/index.php\/wp-json\/wp\/v2\/tags?post=2789"}],"curies":[{"name":"wp","href":"https:\/\/api.w.org\/{rel}","templated":true}]}}