{"id":279,"date":"2023-12-14T23:52:05","date_gmt":"2023-12-14T22:52:05","guid":{"rendered":"https:\/\/periodicolarepublica.com\/?p=279"},"modified":"2023-12-14T23:52:05","modified_gmt":"2023-12-14T22:52:05","slug":"celebraran-concierto-de-navidad-gratis","status":"publish","type":"post","link":"https:\/\/periodicolarepublica.com\/index.php\/2023\/12\/14\/celebraran-concierto-de-navidad-gratis\/","title":{"rendered":"Celebrar\u00e1n Concierto de Navidad gratis"},"content":{"rendered":"<p><img loading=\"lazy\" decoding=\"async\" class=\"alignnone size-medium wp-image-280\" src=\"https:\/\/periodicolarepublica.com\/wp-content\/uploads\/2023\/12\/Picsart_23-12-14_18-39-53-098-300x169.jpg\" alt=\"\" width=\"300\" height=\"169\" srcset=\"https:\/\/periodicolarepublica.com\/wp-content\/uploads\/2023\/12\/Picsart_23-12-14_18-39-53-098-300x169.jpg?v=1715379843 300w, https:\/\/periodicolarepublica.com\/wp-content\/uploads\/2023\/12\/Picsart_23-12-14_18-39-53-098-1024x576.jpg?v=1715379843 1024w, https:\/\/periodicolarepublica.com\/wp-content\/uploads\/2023\/12\/Picsart_23-12-14_18-39-53-098-768x432.jpg?v=1715379843 768w, https:\/\/periodicolarepublica.com\/wp-content\/uploads\/2023\/12\/Picsart_23-12-14_18-39-53-098-1536x864.jpg?v=1715379843 1536w, https:\/\/periodicolarepublica.com\/wp-content\/uploads\/2023\/12\/Picsart_23-12-14_18-39-53-098-2048x1152.jpg?v=1715379843 2048w, https:\/\/periodicolarepublica.com\/wp-content\/uploads\/2023\/12\/Picsart_23-12-14_18-39-53-098-150x84.jpg?v=1715379843 150w, https:\/\/periodicolarepublica.com\/wp-content\/uploads\/2023\/12\/Picsart_23-12-14_18-39-53-098-600x338.jpg?v=1715379843 600w, https:\/\/periodicolarepublica.com\/wp-content\/uploads\/2023\/12\/Picsart_23-12-14_18-39-53-098-696x392.jpg?v=1715379843 696w, https:\/\/periodicolarepublica.com\/wp-content\/uploads\/2023\/12\/Picsart_23-12-14_18-39-53-098-1392x783.jpg?v=1715379843 1392w, https:\/\/periodicolarepublica.com\/wp-content\/uploads\/2023\/12\/Picsart_23-12-14_18-39-53-098-1068x601.jpg?v=1715379843 1068w, https:\/\/periodicolarepublica.com\/wp-content\/uploads\/2023\/12\/Picsart_23-12-14_18-39-53-098-1920x1080.jpg?v=1715379843 1920w\" sizes=\"auto, (max-width: 300px) 100vw, 300px\" \/>El pr\u00f3ximo 25 de diciembre se estar\u00e1 celebrando un Concierto de Navidad Cristiano, en la Iglesia IBO, ubicada en la Autopista de San Isidro, Coral Mall, a las 7:00 pm de la noche, contado con la participaci\u00f3n de su coro y orquesta. El concierto es para todo p\u00fablico y sera totalmente gratis e invitan a buscar sus entradas en la p\u00e1gina https:\/\/www.eventbrite.com\/e\/concierto-de-navidad-ibo-2023-tickets-761913843817<\/p>\n","protected":false},"excerpt":{"rendered":"<p>El pr\u00f3ximo 25 de diciembre se estar\u00e1 celebrando un Concierto de Navidad Cristiano, en la Iglesia IBO, ubicada en la Autopista de San Isidro, Coral Mall, a las 7:00 pm de la noche, contado con la participaci\u00f3n de su coro y orquesta. El concierto es para todo p\u00fablico y sera totalmente gratis e invitan a [&hellip;]<\/p>\n","protected":false},"author":1,"featured_media":280,"comment_status":"open","ping_status":"open","sticky":false,"template":"","format":"standard","meta":{"om_disable_all_campaigns":false,"_monsterinsights_skip_tracking":false,"_monsterinsights_sitenote_active":false,"_monsterinsights_sitenote_note":"","_monsterinsights_sitenote_category":0,"footnotes":""},"categories":[1],"tags":[11,41,40,42],"class_list":{"0":"post-279","1":"post","2":"type-post","3":"status-publish","4":"format-standard","5":"has-post-thumbnail","7":"category-nacionales","8":"tag-navidad","9":"tag-concierto","10":"tag-cristiano","11":"tag-noche-buena"},"aioseo_notices":[],"_links":{"self":[{"href":"https:\/\/periodicolarepublica.com\/index.php\/wp-json\/wp\/v2\/posts\/279","targetHints":{"allow":["GET"]}}],"collection":[{"href":"https:\/\/periodicolarepublica.com\/index.php\/wp-json\/wp\/v2\/posts"}],"about":[{"href":"https:\/\/periodicolarepublica.com\/index.php\/wp-json\/wp\/v2\/types\/post"}],"author":[{"embeddable":true,"href":"https:\/\/periodicolarepublica.com\/index.php\/wp-json\/wp\/v2\/users\/1"}],"replies":[{"embeddable":true,"href":"https:\/\/periodicolarepublica.com\/index.php\/wp-json\/wp\/v2\/comments?post=279"}],"version-history":[{"count":1,"href":"https:\/\/periodicolarepublica.com\/index.php\/wp-json\/wp\/v2\/posts\/279\/revisions"}],"predecessor-version":[{"id":281,"href":"https:\/\/periodicolarepublica.com\/index.php\/wp-json\/wp\/v2\/posts\/279\/revisions\/281"}],"wp:featuredmedia":[{"embeddable":true,"href":"https:\/\/periodicolarepublica.com\/index.php\/wp-json\/wp\/v2\/media\/280"}],"wp:attachment":[{"href":"https:\/\/periodicolarepublica.com\/index.php\/wp-json\/wp\/v2\/media?parent=279"}],"wp:term":[{"taxonomy":"category","embeddable":true,"href":"https:\/\/periodicolarepublica.com\/index.php\/wp-json\/wp\/v2\/categories?post=279"},{"taxonomy":"post_tag","embeddable":true,"href":"https:\/\/periodicolarepublica.com\/index.php\/wp-json\/wp\/v2\/tags?post=279"}],"curies":[{"name":"wp","href":"https:\/\/api.w.org\/{rel}","templated":true}]}}