{"id":2793,"date":"2025-03-05T02:56:30","date_gmt":"2025-03-05T01:56:30","guid":{"rendered":"https:\/\/periodicolarepublica.com\/?p=2793"},"modified":"2025-03-05T02:56:30","modified_gmt":"2025-03-05T01:56:30","slug":"caribbean-cinemas-celebra-gala-benefica-la-gran-noche-del-cine-con-mas-de-500-invitados","status":"publish","type":"post","link":"https:\/\/periodicolarepublica.com\/index.php\/2025\/03\/05\/caribbean-cinemas-celebra-gala-benefica-la-gran-noche-del-cine-con-mas-de-500-invitados\/","title":{"rendered":"Caribbean Cinemas celebra gala ben\u00e9fica La Gran Noche del Cine con m\u00e1s de 500 invitados"},"content":{"rendered":"<p>La primera edici\u00f3n del evento se realiz\u00f3 a beneficio de las fundaciones Qui\u00e9reme Como Soy, FEM Dominicana y El Sol Sale Para Todos<\/p>\n<p>SANTO DOMINGO.- Caribbean Cinemas celebr\u00f3 con \u00e9xito la primera entrega en la Rep\u00fablica Dominicana de la gala ben\u00e9fica \u201cLa Gran Noche del Cine\u201d, bajo la sombrilla de su proyecto de responsabilidad social Caribbean EDUCA.<\/p>\n<p>&nbsp;<\/p>\n<p><img loading=\"lazy\" decoding=\"async\" class=\"alignnone size-medium wp-image-2794\" src=\"https:\/\/periodicolarepublica.com\/wp-content\/uploads\/2025\/03\/Caribbean-Cinemas_Logo-1-300x197.png\" alt=\"\" width=\"300\" height=\"197\" srcset=\"https:\/\/periodicolarepublica.com\/wp-content\/uploads\/2025\/03\/Caribbean-Cinemas_Logo-1-300x197.png?v=1741139764 300w, https:\/\/periodicolarepublica.com\/wp-content\/uploads\/2025\/03\/Caribbean-Cinemas_Logo-1-1024x673.png?v=1741139764 1024w, https:\/\/periodicolarepublica.com\/wp-content\/uploads\/2025\/03\/Caribbean-Cinemas_Logo-1-768x505.png?v=1741139764 768w, https:\/\/periodicolarepublica.com\/wp-content\/uploads\/2025\/03\/Caribbean-Cinemas_Logo-1-150x99.png?v=1741139764 150w, https:\/\/periodicolarepublica.com\/wp-content\/uploads\/2025\/03\/Caribbean-Cinemas_Logo-1-600x394.png?v=1741139764 600w, https:\/\/periodicolarepublica.com\/wp-content\/uploads\/2025\/03\/Caribbean-Cinemas_Logo-1-696x458.png?v=1741139764 696w, https:\/\/periodicolarepublica.com\/wp-content\/uploads\/2025\/03\/Caribbean-Cinemas_Logo-1-1068x702.png?v=1741139764 1068w, https:\/\/periodicolarepublica.com\/wp-content\/uploads\/2025\/03\/Caribbean-Cinemas_Logo-1.png?v=1741139764 1369w\" sizes=\"auto, (max-width: 300px) 100vw, 300px\" \/><\/p>\n<p>&nbsp;<\/p>\n<p>El encuentro realizado en Caribbean Cinemas Downtown Center estuvo encabezado por Robert Carrady, presidente de Caribbean Cinemas, quien resalt\u00f3 que \u201cdedicamos esta gran noche para apoyar el trabajo dif\u00edcil que hacen estas fundaciones para mejorar la vida de los menos afortunados de nuestra sociedad. Estamos muy contentos de recibirles en nuestra casa en esta noche donde la magia del cine y el compromiso se unen para hacer la gran diferencia.<\/p>\n<p>&nbsp;<\/p>\n","protected":false},"excerpt":{"rendered":"<p>La primera edici\u00f3n del evento se realiz\u00f3 a beneficio de las fundaciones Qui\u00e9reme Como Soy, FEM Dominicana y El Sol Sale Para Todos SANTO DOMINGO.- Caribbean Cinemas celebr\u00f3 con \u00e9xito la primera entrega en la Rep\u00fablica Dominicana de la gala ben\u00e9fica \u201cLa Gran Noche del Cine\u201d, bajo la sombrilla de su proyecto de responsabilidad social [&hellip;]<\/p>\n","protected":false},"author":6,"featured_media":2794,"comment_status":"open","ping_status":"open","sticky":false,"template":"","format":"standard","meta":{"om_disable_all_campaigns":false,"_monsterinsights_skip_tracking":false,"_monsterinsights_sitenote_active":false,"_monsterinsights_sitenote_note":"","_monsterinsights_sitenote_category":0,"footnotes":""},"categories":[1],"tags":[],"class_list":{"0":"post-2793","1":"post","2":"type-post","3":"status-publish","4":"format-standard","5":"has-post-thumbnail","7":"category-nacionales"},"aioseo_notices":[],"_links":{"self":[{"href":"https:\/\/periodicolarepublica.com\/index.php\/wp-json\/wp\/v2\/posts\/2793","targetHints":{"allow":["GET"]}}],"collection":[{"href":"https:\/\/periodicolarepublica.com\/index.php\/wp-json\/wp\/v2\/posts"}],"about":[{"href":"https:\/\/periodicolarepublica.com\/index.php\/wp-json\/wp\/v2\/types\/post"}],"author":[{"embeddable":true,"href":"https:\/\/periodicolarepublica.com\/index.php\/wp-json\/wp\/v2\/users\/6"}],"replies":[{"embeddable":true,"href":"https:\/\/periodicolarepublica.com\/index.php\/wp-json\/wp\/v2\/comments?post=2793"}],"version-history":[{"count":1,"href":"https:\/\/periodicolarepublica.com\/index.php\/wp-json\/wp\/v2\/posts\/2793\/revisions"}],"predecessor-version":[{"id":2795,"href":"https:\/\/periodicolarepublica.com\/index.php\/wp-json\/wp\/v2\/posts\/2793\/revisions\/2795"}],"wp:featuredmedia":[{"embeddable":true,"href":"https:\/\/periodicolarepublica.com\/index.php\/wp-json\/wp\/v2\/media\/2794"}],"wp:attachment":[{"href":"https:\/\/periodicolarepublica.com\/index.php\/wp-json\/wp\/v2\/media?parent=2793"}],"wp:term":[{"taxonomy":"category","embeddable":true,"href":"https:\/\/periodicolarepublica.com\/index.php\/wp-json\/wp\/v2\/categories?post=2793"},{"taxonomy":"post_tag","embeddable":true,"href":"https:\/\/periodicolarepublica.com\/index.php\/wp-json\/wp\/v2\/tags?post=2793"}],"curies":[{"name":"wp","href":"https:\/\/api.w.org\/{rel}","templated":true}]}}