{"id":2799,"date":"2025-03-05T20:09:02","date_gmt":"2025-03-05T19:09:02","guid":{"rendered":"https:\/\/periodicolarepublica.com\/?p=2799"},"modified":"2025-03-05T20:09:47","modified_gmt":"2025-03-05T19:09:47","slug":"crean-la-red-de-amigos-de-david-collado-en-miami","status":"publish","type":"post","link":"https:\/\/periodicolarepublica.com\/index.php\/2025\/03\/05\/crean-la-red-de-amigos-de-david-collado-en-miami\/","title":{"rendered":"Crean la Red de Amigos de David Collado en Miami"},"content":{"rendered":"<p>Miami, Florida \u2013 5 de marzo de 2025<\/p>\n<p>En una significativa reuni\u00f3n para la comunidad internacional y local, la ciudad de Miami fue el escenario de la formalizaci\u00f3n de la Red de Amigos de David Collado, un proyecto impulsado por Carlos Milanese, que busca consolidar un espacio de colaboraci\u00f3n y apoyo entre diversos actores del \u00e1mbito diplom\u00e1tico, empresarial y social, donde se reuni\u00f3 la parte directiva y fundadora, la cual se llev\u00f3 a cabo la noche del 4 de marzo de 2025 cin la presencia de Enrique Garcia.<\/p>\n<p>Un Encuentro de Cooperaci\u00f3n y Compromiso<\/p>\n<p>El encuentro sirvi\u00f3 como plataforma para intercambiar ideas y discutir c\u00f3mo fortalecer esta red, a fin de que pueda convertirse en un motor de desarrollo y cooperaci\u00f3n en m\u00faltiples \u00e1reas. Durante la reuni\u00f3n, se resalt\u00f3 la figura de David Collado, cuya trayectoria como l\u00edder pol\u00edtico y ministro ha dejado una huella importante en los sectores en los que ha estado involucrado. Los asistentes al evento coincidieron en la necesidad de consolidar un grupo de aliados dispuestos a apoyar su visi\u00f3n para continuar trabajando en pro de una comunidad m\u00e1s pr\u00f3spera.<\/p>\n<p>Los Objetivos de la Red de Amigos<\/p>\n<p>La Red de Amigos de David Collado tiene como principales objetivos la fortalecimiento de los lazos entre sus miembros, la promoci\u00f3n de valores de liderazgo, innovaci\u00f3n y crecimiento sostenible, as\u00ed como la creaci\u00f3n de espacios de di\u00e1logo y cooperaci\u00f3n que beneficien tanto a los miembros de la red como a las comunidades con las que trabajan. Este enfoque busca potenciar las iniciativas que contribuyan al desarrollo de proyectos conjuntos, que puedan generar un impacto positivo en diversas \u00e1reas.<\/p>\n<p>Un Plan de Acci\u00f3n en Marcha<\/p>\n<p>En la reuni\u00f3n, se discutieron los pasos a seguir para asegurar el \u00e9xito de esta iniciativa. Se acord\u00f3 la realizaci\u00f3n de nuevas reuniones y actividades estrat\u00e9gicas en los pr\u00f3ximos meses, adem\u00e1s de la formalizaci\u00f3n de varios proyectos que permitir\u00e1n establecer una agenda com\u00fan de trabajo para los miembros de la red. La idea es que cada encuentro y actividad fortalezca el v\u00ednculo entre los participantes y avance hacia la materializaci\u00f3n de proyectos de impacto.<\/p>\n<p>Reconocimientos y Agradecimientos<\/p>\n<p>El \u00e9xito del evento no habr\u00eda sido posible sin la contribuci\u00f3n de diversas personas y entidades. En este sentido, se expresaron los agradecimientos especiales a Yoanny de Jesus, por su excelente organizaci\u00f3n, a Ramon Morillo.<\/p>\n<p>Este evento marca un hito importante en la consolidaci\u00f3n de un movimiento que promete ser un referente de colaboraci\u00f3n y desarrollo, gracias a la figura de David Collado y el respaldo de una comunidad creciente que apoya su visi\u00f3n, as\u00ed lo expres\u00f3 Carlos Milanese a este medio informativo.<\/p>\n<p><img loading=\"lazy\" decoding=\"async\" class=\"alignnone size-medium wp-image-2800\" src=\"https:\/\/periodicolarepublica.com\/wp-content\/uploads\/2025\/03\/IMG-20250305-WA0012-300x182.jpg\" alt=\"\" width=\"300\" height=\"182\" srcset=\"https:\/\/periodicolarepublica.com\/wp-content\/uploads\/2025\/03\/IMG-20250305-WA0012-300x182.jpg?v=1741201683 300w, https:\/\/periodicolarepublica.com\/wp-content\/uploads\/2025\/03\/IMG-20250305-WA0012-1024x622.jpg?v=1741201683 1024w, https:\/\/periodicolarepublica.com\/wp-content\/uploads\/2025\/03\/IMG-20250305-WA0012-768x466.jpg?v=1741201683 768w, https:\/\/periodicolarepublica.com\/wp-content\/uploads\/2025\/03\/IMG-20250305-WA0012-150x91.jpg?v=1741201683 150w, https:\/\/periodicolarepublica.com\/wp-content\/uploads\/2025\/03\/IMG-20250305-WA0012-600x364.jpg?v=1741201683 600w, https:\/\/periodicolarepublica.com\/wp-content\/uploads\/2025\/03\/IMG-20250305-WA0012-696x423.jpg?v=1741201683 696w, https:\/\/periodicolarepublica.com\/wp-content\/uploads\/2025\/03\/IMG-20250305-WA0012-1068x649.jpg?v=1741201683 1068w, https:\/\/periodicolarepublica.com\/wp-content\/uploads\/2025\/03\/IMG-20250305-WA0012.jpg?v=1741201683 1080w\" sizes=\"auto, (max-width: 300px) 100vw, 300px\" \/><\/p>\n","protected":false},"excerpt":{"rendered":"<p>Miami, Florida \u2013 5 de marzo de 2025 En una significativa reuni\u00f3n para la comunidad internacional y local, la ciudad de Miami fue el escenario de la formalizaci\u00f3n de la Red de Amigos de David Collado, un proyecto impulsado por Carlos Milanese, que busca consolidar un espacio de colaboraci\u00f3n y apoyo entre diversos actores del [&hellip;]<\/p>\n","protected":false},"author":1,"featured_media":2800,"comment_status":"open","ping_status":"open","sticky":false,"template":"","format":"standard","meta":{"om_disable_all_campaigns":false,"_monsterinsights_skip_tracking":false,"_monsterinsights_sitenote_active":false,"_monsterinsights_sitenote_note":"","_monsterinsights_sitenote_category":0,"footnotes":""},"categories":[1],"tags":[30],"class_list":{"0":"post-2799","1":"post","2":"type-post","3":"status-publish","4":"format-standard","5":"has-post-thumbnail","7":"category-nacionales","8":"tag-david-collado"},"aioseo_notices":[],"_links":{"self":[{"href":"https:\/\/periodicolarepublica.com\/index.php\/wp-json\/wp\/v2\/posts\/2799","targetHints":{"allow":["GET"]}}],"collection":[{"href":"https:\/\/periodicolarepublica.com\/index.php\/wp-json\/wp\/v2\/posts"}],"about":[{"href":"https:\/\/periodicolarepublica.com\/index.php\/wp-json\/wp\/v2\/types\/post"}],"author":[{"embeddable":true,"href":"https:\/\/periodicolarepublica.com\/index.php\/wp-json\/wp\/v2\/users\/1"}],"replies":[{"embeddable":true,"href":"https:\/\/periodicolarepublica.com\/index.php\/wp-json\/wp\/v2\/comments?post=2799"}],"version-history":[{"count":2,"href":"https:\/\/periodicolarepublica.com\/index.php\/wp-json\/wp\/v2\/posts\/2799\/revisions"}],"predecessor-version":[{"id":2802,"href":"https:\/\/periodicolarepublica.com\/index.php\/wp-json\/wp\/v2\/posts\/2799\/revisions\/2802"}],"wp:featuredmedia":[{"embeddable":true,"href":"https:\/\/periodicolarepublica.com\/index.php\/wp-json\/wp\/v2\/media\/2800"}],"wp:attachment":[{"href":"https:\/\/periodicolarepublica.com\/index.php\/wp-json\/wp\/v2\/media?parent=2799"}],"wp:term":[{"taxonomy":"category","embeddable":true,"href":"https:\/\/periodicolarepublica.com\/index.php\/wp-json\/wp\/v2\/categories?post=2799"},{"taxonomy":"post_tag","embeddable":true,"href":"https:\/\/periodicolarepublica.com\/index.php\/wp-json\/wp\/v2\/tags?post=2799"}],"curies":[{"name":"wp","href":"https:\/\/api.w.org\/{rel}","templated":true}]}}