{"id":2803,"date":"2025-03-06T17:24:22","date_gmt":"2025-03-06T16:24:22","guid":{"rendered":"https:\/\/periodicolarepublica.com\/?p=2803"},"modified":"2025-03-06T17:24:22","modified_gmt":"2025-03-06T16:24:22","slug":"tomas-hernandez-alberto-afirma-que-legado-politico-de-pena-gomez-sigue-siendo-fuente-de-inspiracion","status":"publish","type":"post","link":"https:\/\/periodicolarepublica.com\/index.php\/2025\/03\/06\/tomas-hernandez-alberto-afirma-que-legado-politico-de-pena-gomez-sigue-siendo-fuente-de-inspiracion\/","title":{"rendered":"Tom\u00e1s Hern\u00e1ndez Alberto afirma que legado pol\u00edtico de Pe\u00f1a G\u00f3mez sigue siendo fuente de inspiraci\u00f3n"},"content":{"rendered":"<p>Santo Domingo -El presidente del movimiento Poder Pa&#8217;l Pueblo y miembro del Partido Revolucionario Moderno (PRM), Tom\u00e1s Hern\u00e1ndez Alberto, afirm\u00f3 que el legado del inolvidable Jos\u00e9 Francisco Pe\u00f1a G\u00f3mez, una de las figuras pol\u00edticas m\u00e1s influyentes del siglo XX en la Rep\u00fablica Dominicana, vive en cada dominicano que cree en un futuro m\u00e1s justo y solidario.<img loading=\"lazy\" decoding=\"async\" class=\"alignnone size-medium wp-image-1421\" src=\"https:\/\/periodicolarepublica.com\/wp-content\/uploads\/2024\/08\/IMG-20240802-WA0036-300x169.jpg\" alt=\"\" width=\"300\" height=\"169\" srcset=\"https:\/\/periodicolarepublica.com\/wp-content\/uploads\/2024\/08\/IMG-20240802-WA0036-300x169.jpg?v=1722647664 300w, https:\/\/periodicolarepublica.com\/wp-content\/uploads\/2024\/08\/IMG-20240802-WA0036-1024x576.jpg?v=1722647664 1024w, https:\/\/periodicolarepublica.com\/wp-content\/uploads\/2024\/08\/IMG-20240802-WA0036-768x432.jpg?v=1722647664 768w, https:\/\/periodicolarepublica.com\/wp-content\/uploads\/2024\/08\/IMG-20240802-WA0036-1536x864.jpg?v=1722647664 1536w, https:\/\/periodicolarepublica.com\/wp-content\/uploads\/2024\/08\/IMG-20240802-WA0036-2048x1152.jpg?v=1722647664 2048w, https:\/\/periodicolarepublica.com\/wp-content\/uploads\/2024\/08\/IMG-20240802-WA0036-150x84.jpg?v=1722647664 150w, https:\/\/periodicolarepublica.com\/wp-content\/uploads\/2024\/08\/IMG-20240802-WA0036-600x338.jpg?v=1722647664 600w, https:\/\/periodicolarepublica.com\/wp-content\/uploads\/2024\/08\/IMG-20240802-WA0036-696x392.jpg?v=1722647664 696w, https:\/\/periodicolarepublica.com\/wp-content\/uploads\/2024\/08\/IMG-20240802-WA0036-1392x783.jpg?v=1722647664 1392w, https:\/\/periodicolarepublica.com\/wp-content\/uploads\/2024\/08\/IMG-20240802-WA0036-1068x601.jpg?v=1722647664 1068w, https:\/\/periodicolarepublica.com\/wp-content\/uploads\/2024\/08\/IMG-20240802-WA0036-1920x1080.jpg?v=1722647664 1920w\" sizes=\"auto, (max-width: 300px) 100vw, 300px\" \/><\/p>\n<p>\u201cHoy conmemoramos el natalicio de Jos\u00e9 Francisco Pe\u00f1a G\u00f3mez, un l\u00edder incansable, defensor de la democracia y la justicia social en la Rep\u00fablica Dominicana\u201d, expres\u00f3 Hern\u00e1ndez Alberto al cumplirse hoy los 88 a\u00f1os del nacimiento del otrora l\u00edder del Partido Revolucionario Dominicano (PRD), quien falleci\u00f3 el 10 de mayo de 1998.<\/p>\n<p>Sostuvo que \u201csu lucha por los m\u00e1s necesitados y su compromiso con el pueblo siguen siendo fuentes de inspiraci\u00f3n\u201d.<\/p>\n<p>Pe\u00f1a G\u00f3mez naci\u00f3 el 6 de marzo de 1937 en la provincia Valverde, Rep\u00fablica Dominicana. Desde su infancia demostr\u00f3 un gran inter\u00e9s por el conocimiento, lo que ser\u00eda clave en su desarrollo como l\u00edder pol\u00edtico. Realiz\u00f3 estudios en Ciencias Pol\u00edticas en prestigiosas universidades de los Estados Unidos, como Harvard y Michigan. Adem\u00e1s, obtuvo su Doctorado en Ciencias Jur\u00eddicas en la Universidad Aut\u00f3noma de Santo Domingo (UASD) y en Derecho Constitucional y Ciencias Pol\u00edticas en la Universidad de la Sorbona, en Par\u00eds. Su educaci\u00f3n le permiti\u00f3 consolidarse como un intelectual comprometido con la democracia y la justicia social.<\/p>\n<p>Pe\u00f1a G\u00f3mez comenz\u00f3 su trayectoria pol\u00edtica bajo la influencia de Juan Bosch, l\u00edder del Partido Revolucionario Dominicano (PRD). Sin embargo, en 1973, una disputa interna provoc\u00f3 la salida de Bosch del partido. Pe\u00f1a G\u00f3mez asumi\u00f3 entonces la direcci\u00f3n del PRD, llev\u00e1ndolo a la victoria en dos elecciones presidenciales: en 1978, con Antonio Guzm\u00e1n como presidente, y en 1982, con Salvador Jorge Blanco al frente del pa\u00eds.<\/p>\n<p>Entre 1982 y 1986, tambi\u00e9n se desempe\u00f1\u00f3 como S\u00edndico de Santo Domingo, destac\u00e1ndose por su gesti\u00f3n municipal y compromiso con la capital dominicana.<\/p>\n<p>A pesar de su poder como l\u00edder de masas, enfrent\u00f3 fuertes campa\u00f1as en su contra en sus tres intentos por llegar a la presidencia en 1990, 1994 y 1996. Estos procesos electorales estuvieron marcados por campa\u00f1as sucias, discriminaci\u00f3n y ataques pol\u00edticos.<\/p>\n","protected":false},"excerpt":{"rendered":"<p>Santo Domingo -El presidente del movimiento Poder Pa&#8217;l Pueblo y miembro del Partido Revolucionario Moderno (PRM), Tom\u00e1s Hern\u00e1ndez Alberto, afirm\u00f3 que el legado del inolvidable Jos\u00e9 Francisco Pe\u00f1a G\u00f3mez, una de las figuras pol\u00edticas m\u00e1s influyentes del siglo XX en la Rep\u00fablica Dominicana, vive en cada dominicano que cree en un futuro m\u00e1s justo y [&hellip;]<\/p>\n","protected":false},"author":10,"featured_media":1421,"comment_status":"open","ping_status":"open","sticky":false,"template":"","format":"standard","meta":{"om_disable_all_campaigns":false,"_monsterinsights_skip_tracking":false,"_monsterinsights_sitenote_active":false,"_monsterinsights_sitenote_note":"","_monsterinsights_sitenote_category":0,"footnotes":""},"categories":[1],"tags":[],"class_list":{"0":"post-2803","1":"post","2":"type-post","3":"status-publish","4":"format-standard","5":"has-post-thumbnail","7":"category-nacionales"},"aioseo_notices":[],"_links":{"self":[{"href":"https:\/\/periodicolarepublica.com\/index.php\/wp-json\/wp\/v2\/posts\/2803","targetHints":{"allow":["GET"]}}],"collection":[{"href":"https:\/\/periodicolarepublica.com\/index.php\/wp-json\/wp\/v2\/posts"}],"about":[{"href":"https:\/\/periodicolarepublica.com\/index.php\/wp-json\/wp\/v2\/types\/post"}],"author":[{"embeddable":true,"href":"https:\/\/periodicolarepublica.com\/index.php\/wp-json\/wp\/v2\/users\/10"}],"replies":[{"embeddable":true,"href":"https:\/\/periodicolarepublica.com\/index.php\/wp-json\/wp\/v2\/comments?post=2803"}],"version-history":[{"count":1,"href":"https:\/\/periodicolarepublica.com\/index.php\/wp-json\/wp\/v2\/posts\/2803\/revisions"}],"predecessor-version":[{"id":2804,"href":"https:\/\/periodicolarepublica.com\/index.php\/wp-json\/wp\/v2\/posts\/2803\/revisions\/2804"}],"wp:featuredmedia":[{"embeddable":true,"href":"https:\/\/periodicolarepublica.com\/index.php\/wp-json\/wp\/v2\/media\/1421"}],"wp:attachment":[{"href":"https:\/\/periodicolarepublica.com\/index.php\/wp-json\/wp\/v2\/media?parent=2803"}],"wp:term":[{"taxonomy":"category","embeddable":true,"href":"https:\/\/periodicolarepublica.com\/index.php\/wp-json\/wp\/v2\/categories?post=2803"},{"taxonomy":"post_tag","embeddable":true,"href":"https:\/\/periodicolarepublica.com\/index.php\/wp-json\/wp\/v2\/tags?post=2803"}],"curies":[{"name":"wp","href":"https:\/\/api.w.org\/{rel}","templated":true}]}}