{"id":2805,"date":"2025-03-06T21:44:43","date_gmt":"2025-03-06T20:44:43","guid":{"rendered":"https:\/\/periodicolarepublica.com\/?p=2805"},"modified":"2025-03-06T21:44:43","modified_gmt":"2025-03-06T20:44:43","slug":"ministerio-de-salud-insta-a-la-poblacion-a-protegerse-contra-enfermedades-prevenibles","status":"publish","type":"post","link":"https:\/\/periodicolarepublica.com\/index.php\/2025\/03\/06\/ministerio-de-salud-insta-a-la-poblacion-a-protegerse-contra-enfermedades-prevenibles\/","title":{"rendered":"Ministerio de Salud insta a la poblaci\u00f3n a protegerse contra enfermedades prevenibles"},"content":{"rendered":"<p>Bolet\u00edn Epidemiol\u00f3gico muestra una baja incidencia en enfermedades de vigilancia especial.<\/p>\n<p>Santo Domingo. &#8211; El Ministerio de Salud inform\u00f3 este jueves que la administraci\u00f3n oportuna de las vacunas incluidas en el esquema nacional de vacunaci\u00f3n reduce significativamente el riesgo de contraer enfermedades, como el sarampi\u00f3n. Por esta raz\u00f3n, exhorta a los padres y tutores a mantener actualizado el esquema de vacunaci\u00f3n de sus hijos, lo que contribuye a preservar la salud infantil y a evitar la circulaci\u00f3n de virus en el pa\u00eds.<img loading=\"lazy\" decoding=\"async\" class=\"alignnone size-medium wp-image-2439\" src=\"https:\/\/periodicolarepublica.com\/wp-content\/uploads\/2024\/12\/IMG-20241226-WA0074-300x200.jpg\" alt=\"\" width=\"300\" height=\"200\" srcset=\"https:\/\/periodicolarepublica.com\/wp-content\/uploads\/2024\/12\/IMG-20241226-WA0074-300x200.jpg?v=1735509075 300w, https:\/\/periodicolarepublica.com\/wp-content\/uploads\/2024\/12\/IMG-20241226-WA0074-1024x682.jpg?v=1735509075 1024w, https:\/\/periodicolarepublica.com\/wp-content\/uploads\/2024\/12\/IMG-20241226-WA0074-768x511.jpg?v=1735509075 768w, https:\/\/periodicolarepublica.com\/wp-content\/uploads\/2024\/12\/IMG-20241226-WA0074-150x100.jpg?v=1735509075 150w, https:\/\/periodicolarepublica.com\/wp-content\/uploads\/2024\/12\/IMG-20241226-WA0074-600x399.jpg?v=1735509075 600w, https:\/\/periodicolarepublica.com\/wp-content\/uploads\/2024\/12\/IMG-20241226-WA0074-696x463.jpg?v=1735509075 696w, https:\/\/periodicolarepublica.com\/wp-content\/uploads\/2024\/12\/IMG-20241226-WA0074-1068x711.jpg?v=1735509075 1068w, https:\/\/periodicolarepublica.com\/wp-content\/uploads\/2024\/12\/IMG-20241226-WA0074.jpg?v=1735509075 1280w\" sizes=\"auto, (max-width: 300px) 100vw, 300px\" \/><\/p>\n<p>El organismo de salud recuerda que el pa\u00eds cuenta con m\u00e1s de 1,400 puestos de vacunaci\u00f3n distribuidos a nivel nacional, donde se ofrecen de manera gratuita todas las vacunas del esquema oficial. Estas inmunizaciones est\u00e1n disponibles como una herramienta para prevenir enfermedades.<\/p>\n<p>Asimismo, destaca que la vacuna contra el sarampi\u00f3n se administra en dos dosis: la primera a los 12 meses de edad, junto con las de rub\u00e9ola y parotiditis (paperas), y la segunda dosis de refuerzo a los 18 meses. La entidad resalta la importancia de que los ni\u00f1os en estas edades reciban sus vacunas conforme al esquema establecido.<\/p>\n<p>Los puestos de vacunaci\u00f3n est\u00e1n ubicados en los Centros de Primer Nivel de Atenci\u00f3n (CPNA), Centros de Diagn\u00f3stico, Hospitales Infantiles, Maternidades, subcentros, Unidades de Atenci\u00f3n Primaria (UNAP), dispensarios, consultorios m\u00e9dicos, la Ciudad Sanitaria, el Hospital General Plaza de la Salud, algunas cl\u00ednicas privadas, Profamilia y el Centro Sanitario Santo Domingo (ubicado en la Avenida Galv\u00e1n en Santo Domingo), entre otros puntos del pa\u00eds, que pueden ser consultados en las redes sociales del Ministerio de Salud, @saludpublicard.<\/p>\n<p>Ante el llamado de la Organizaci\u00f3n Mundial de la Salud (OMS) para reforzar las medidas de prevenci\u00f3n debido al aumento de casos de Sarampi\u00f3n en la regi\u00f3n, el ministerio ha intensificado la vigilancia epidemiol\u00f3gica en puertos y aeropuertos, con el objetivo de evitar la importaci\u00f3n de casos.<br \/>\nRep\u00fablica Dominicana mantiene la certificaci\u00f3n de \u00abPa\u00eds Libre de Sarampi\u00f3n\u00bb, otorgada por la OMS, as\u00ed como la de rubeola y s\u00edndrome de rub\u00e9ola cong\u00e9nita. No obstante, es fundamental garantizar la protecci\u00f3n de los ni\u00f1os mediante la aplicaci\u00f3n de sus vacunas en los tiempos requeridos.<\/p>\n<p>En el pa\u00eds, los indicadores de estas enfermedades se mantienen en niveles inferiores al 0 %, seg\u00fan los resultados de una b\u00fasqueda activa realizada en 178 comunidades, donde no se han detectado casos confirmados. El \u00faltimo caso aut\u00f3ctono de sarampi\u00f3n registrado en la Rep\u00fablica Dominicana data del a\u00f1o 2001, mientras que en 2011 se notificaron dos casos importados que fueron atendidos oportunamente, evitando su propagaci\u00f3n.<\/p>\n<p>*Bolet\u00edn Epidemiol\u00f3gico SE-08*<br \/>\nEl reporte semanal de epidemiolog\u00eda muestra notificaci\u00f3n cero de los casos de dengue, con un total de 20 casos registrados este a\u00f1o, el pasado a\u00f1o a la fecha hab\u00edan sido notificados 555 casos de dengue, lo que muestra reducci\u00f3n significativa. La incidencia actual de la enfermedad se coloca en 1.21.<\/p>\n<p>Esta semana reportan ocho casos de malaria, el total acumulado de casos es de 76, marcando una reducci\u00f3n de 58 por ciento respecto al a\u00f1o 2024. La malaria muestra una tasa de incidencia acumulada de 4.60 casos por cada 100,000 habitantes.<\/p>\n<p>Contin\u00faa en cero la notificaci\u00f3n de casos de c\u00f3lera hasta el momento, por lo que la incidencia se mantiene en 0.00 por ciento. De leptospirosis cero casos esta semana epidemiol\u00f3gica el total acumulado es de 16 casos a la fecha y una incidencia de 0.97. No se reportan casos de COVID-19, la incidencia permanece en 3.57.<\/p>\n<p>En cuanto a las infecciones respiratorias el bolet\u00edn indica que en esta semana epidemiol\u00f3gica se detect\u00f3 la circulaci\u00f3n de Influenza A (H1N1)pdm 09, Influenza A (H3N2), Adenovirus, SARS-CoV-2 y Parainfluenza, enfermedades que se mantienen bajo vigilancia.<\/p>\n<p>Sobre las intoxicaciones por plaguicidas confirman 6 casos ocurridos en la provincia Duarte y S\u00e1nchez Ram\u00edrez. El acumulado hasta la SE 08-2025 es de 38 casos confirmados.<\/p>\n<p>*Muertes maternas e infantiles*<br \/>\nEn la SE-08 notifican 5 muertes maternas correspondientes a tres mujeres dominicanas y dos de nacionalidad haitiana. El acumulado de este indicador es de 27 fallecimientos, mientras que el pasado a\u00f1o a la fecha se reportaron 37. De muertes infantiles se notificaron 32 decesos, mientras que en 2024 se hab\u00edan reportado 278, lo que refleja una disminuci\u00f3n en estos indicadores.<\/p>\n","protected":false},"excerpt":{"rendered":"<p>Bolet\u00edn Epidemiol\u00f3gico muestra una baja incidencia en enfermedades de vigilancia especial. Santo Domingo. &#8211; El Ministerio de Salud inform\u00f3 este jueves que la administraci\u00f3n oportuna de las vacunas incluidas en el esquema nacional de vacunaci\u00f3n reduce significativamente el riesgo de contraer enfermedades, como el sarampi\u00f3n. Por esta raz\u00f3n, exhorta a los padres y tutores a [&hellip;]<\/p>\n","protected":false},"author":10,"featured_media":2439,"comment_status":"open","ping_status":"open","sticky":false,"template":"","format":"standard","meta":{"om_disable_all_campaigns":false,"_monsterinsights_skip_tracking":false,"_monsterinsights_sitenote_active":false,"_monsterinsights_sitenote_note":"","_monsterinsights_sitenote_category":0,"footnotes":""},"categories":[1],"tags":[],"class_list":{"0":"post-2805","1":"post","2":"type-post","3":"status-publish","4":"format-standard","5":"has-post-thumbnail","7":"category-nacionales"},"aioseo_notices":[],"_links":{"self":[{"href":"https:\/\/periodicolarepublica.com\/index.php\/wp-json\/wp\/v2\/posts\/2805","targetHints":{"allow":["GET"]}}],"collection":[{"href":"https:\/\/periodicolarepublica.com\/index.php\/wp-json\/wp\/v2\/posts"}],"about":[{"href":"https:\/\/periodicolarepublica.com\/index.php\/wp-json\/wp\/v2\/types\/post"}],"author":[{"embeddable":true,"href":"https:\/\/periodicolarepublica.com\/index.php\/wp-json\/wp\/v2\/users\/10"}],"replies":[{"embeddable":true,"href":"https:\/\/periodicolarepublica.com\/index.php\/wp-json\/wp\/v2\/comments?post=2805"}],"version-history":[{"count":1,"href":"https:\/\/periodicolarepublica.com\/index.php\/wp-json\/wp\/v2\/posts\/2805\/revisions"}],"predecessor-version":[{"id":2806,"href":"https:\/\/periodicolarepublica.com\/index.php\/wp-json\/wp\/v2\/posts\/2805\/revisions\/2806"}],"wp:featuredmedia":[{"embeddable":true,"href":"https:\/\/periodicolarepublica.com\/index.php\/wp-json\/wp\/v2\/media\/2439"}],"wp:attachment":[{"href":"https:\/\/periodicolarepublica.com\/index.php\/wp-json\/wp\/v2\/media?parent=2805"}],"wp:term":[{"taxonomy":"category","embeddable":true,"href":"https:\/\/periodicolarepublica.com\/index.php\/wp-json\/wp\/v2\/categories?post=2805"},{"taxonomy":"post_tag","embeddable":true,"href":"https:\/\/periodicolarepublica.com\/index.php\/wp-json\/wp\/v2\/tags?post=2805"}],"curies":[{"name":"wp","href":"https:\/\/api.w.org\/{rel}","templated":true}]}}