{"id":2810,"date":"2025-03-07T21:34:05","date_gmt":"2025-03-07T20:34:05","guid":{"rendered":"https:\/\/periodicolarepublica.com\/?p=2810"},"modified":"2025-03-07T21:34:05","modified_gmt":"2025-03-07T20:34:05","slug":"ministro-de-salud-victor-atallah-juramenta-a-dos-nuevos-viceministros","status":"publish","type":"post","link":"https:\/\/periodicolarepublica.com\/index.php\/2025\/03\/07\/ministro-de-salud-victor-atallah-juramenta-a-dos-nuevos-viceministros\/","title":{"rendered":"Ministro de Salud, V\u00edctor Atallah, juramenta a dos nuevos viceministros*"},"content":{"rendered":"<p>Exhort\u00f3 a los funcionarios a continuar trabajando por el bienestar de la poblaci\u00f3n.<\/p>\n<p>*Santo Domingo-.* El ministro de Salud, V\u00edctor Atallah, jurament\u00f3 a dos nuevos viceministros de esa instituci\u00f3n, Luis Nelson Rosario Socias, de la Direcciones Provinciales de Salud, y Gina Beatriz Estrella Ramia, de Gesti\u00f3n de Riesgo y Salud Ambiental, durante un acto celebrado en su despacho.<img loading=\"lazy\" decoding=\"async\" class=\"alignnone size-medium wp-image-2811\" src=\"https:\/\/periodicolarepublica.com\/wp-content\/uploads\/2025\/03\/IMG-20250307-WA0280-300x200.jpg\" alt=\"\" width=\"300\" height=\"200\" srcset=\"https:\/\/periodicolarepublica.com\/wp-content\/uploads\/2025\/03\/IMG-20250307-WA0280-300x200.jpg?v=1741379622 300w, https:\/\/periodicolarepublica.com\/wp-content\/uploads\/2025\/03\/IMG-20250307-WA0280-1024x682.jpg?v=1741379622 1024w, https:\/\/periodicolarepublica.com\/wp-content\/uploads\/2025\/03\/IMG-20250307-WA0280-768x512.jpg?v=1741379622 768w, https:\/\/periodicolarepublica.com\/wp-content\/uploads\/2025\/03\/IMG-20250307-WA0280-1536x1024.jpg?v=1741379622 1536w, https:\/\/periodicolarepublica.com\/wp-content\/uploads\/2025\/03\/IMG-20250307-WA0280-2048x1365.jpg?v=1741379622 2048w, https:\/\/periodicolarepublica.com\/wp-content\/uploads\/2025\/03\/IMG-20250307-WA0280-150x100.jpg?v=1741379622 150w, https:\/\/periodicolarepublica.com\/wp-content\/uploads\/2025\/03\/IMG-20250307-WA0280-600x400.jpg?v=1741379622 600w, https:\/\/periodicolarepublica.com\/wp-content\/uploads\/2025\/03\/IMG-20250307-WA0280-696x464.jpg?v=1741379622 696w, https:\/\/periodicolarepublica.com\/wp-content\/uploads\/2025\/03\/IMG-20250307-WA0280-1392x928.jpg?v=1741379622 1392w, https:\/\/periodicolarepublica.com\/wp-content\/uploads\/2025\/03\/IMG-20250307-WA0280-1068x712.jpg?v=1741379622 1068w, https:\/\/periodicolarepublica.com\/wp-content\/uploads\/2025\/03\/IMG-20250307-WA0280-1920x1280.jpg?v=1741379622 1920w\" sizes=\"auto, (max-width: 300px) 100vw, 300px\" \/><\/p>\n<p>Al pronunciar unas palabras, Atallah exhort\u00f3 a los nuevos funcionarios a continuar trabajando por el bienestar de la poblaci\u00f3n, a trav\u00e9s de la prevenci\u00f3n y control de las enfermedades en todo el territorio nacional.<\/p>\n<p>Destac\u00f3 que las Direcciones Provinciales y las de Gesti\u00f3n de Riesgo y Salud Ambiental son \u00e1reas vitales para la prevenci\u00f3n de enfermedades en todos los ciclos de vida de los seres humanos, y expres\u00f3 su deseo de \u00e9xitos a los nuevos viceministros.<\/p>\n<p>De su lado, Rosario Socias y Estrella Ramia agradecieron su designaci\u00f3n al presidente Luis Abinader, mediante el decreto 103-25, y la confianza depositada en ellos por el ministro Atallah para continuar siendo parte de su equipo con mayores responsabilidades.<\/p>\n<p>Antes de ser ascendidos a viceministros, los doctores Estrella Ramia y Rosario Socias se desempe\u00f1aban como directores de Gesti\u00f3n de Riesgo en Desastre, y de la Oficina Coordinadora de la Gesti\u00f3n Desconcentrada de la Rector\u00eda del Ministerio de Salud, respectivamente.<\/p>\n<p>Gina Estrella es doctora en medicina de la Pontificia Universidad Cat\u00f3lica Madre y Maestra (PUCMM), con una especialidad en Medicina de Emergencias y Desastres del Hospital General Plaza de la Salud y la Universidad Iberoamericana (UNIBE) y una maestr\u00eda en Alta Gesti\u00f3n P\u00fablica de la PUCMM y el Instituto Nacional del Servidor P\u00fablico de Francia.<\/p>\n<p>Asimismo, cuenta con 12 a\u00f1os de experiencia en gerencia y manejo de emergencia en la Cl\u00ednica Uni\u00f3n M\u00e9dica de Santiago y cinco a\u00f1os en Gesti\u00f3n de Riesgos y Atenci\u00f3n a Desastres en el Ministerio de Salud P\u00fablica. Ha sido responsable de la coordinaci\u00f3n y direcci\u00f3n de los programas Ruta de la Salud y M\u00e1s Salud y Bienestar, as\u00ed como gestora de la certificaci\u00f3n internacional del equipo de emergencia dominicano, logrando la clasificaci\u00f3n del EMT tipo 1 para la Rep\u00fablica Dominicana.<\/p>\n<p>Mientras que Rosario Socias es doctor en odontolog\u00eda, con una especialidad en Rehabilitaci\u00f3n Bucal. Fue alcalde y dos veces regidor por el municipio Pimentel.<\/p>\n<p>Durante este Gobierno ha dirigido, a trav\u00e9s de las 40 Direcciones Provinciales de Salud (DPS) del Ministerio de Salud P\u00fablica, todas las intervenciones de salud en todo el territorio nacional, incluyendo el exitoso combate al dengue.<\/p>\n","protected":false},"excerpt":{"rendered":"<p>Exhort\u00f3 a los funcionarios a continuar trabajando por el bienestar de la poblaci\u00f3n. *Santo Domingo-.* El ministro de Salud, V\u00edctor Atallah, jurament\u00f3 a dos nuevos viceministros de esa instituci\u00f3n, Luis Nelson Rosario Socias, de la Direcciones Provinciales de Salud, y Gina Beatriz Estrella Ramia, de Gesti\u00f3n de Riesgo y Salud Ambiental, durante un acto celebrado [&hellip;]<\/p>\n","protected":false},"author":10,"featured_media":2811,"comment_status":"open","ping_status":"open","sticky":false,"template":"","format":"standard","meta":{"om_disable_all_campaigns":false,"_monsterinsights_skip_tracking":false,"_monsterinsights_sitenote_active":false,"_monsterinsights_sitenote_note":"","_monsterinsights_sitenote_category":0,"footnotes":""},"categories":[1],"tags":[175],"class_list":{"0":"post-2810","1":"post","2":"type-post","3":"status-publish","4":"format-standard","5":"has-post-thumbnail","7":"category-nacionales","8":"tag-ministro-de-salud-publica"},"aioseo_notices":[],"_links":{"self":[{"href":"https:\/\/periodicolarepublica.com\/index.php\/wp-json\/wp\/v2\/posts\/2810","targetHints":{"allow":["GET"]}}],"collection":[{"href":"https:\/\/periodicolarepublica.com\/index.php\/wp-json\/wp\/v2\/posts"}],"about":[{"href":"https:\/\/periodicolarepublica.com\/index.php\/wp-json\/wp\/v2\/types\/post"}],"author":[{"embeddable":true,"href":"https:\/\/periodicolarepublica.com\/index.php\/wp-json\/wp\/v2\/users\/10"}],"replies":[{"embeddable":true,"href":"https:\/\/periodicolarepublica.com\/index.php\/wp-json\/wp\/v2\/comments?post=2810"}],"version-history":[{"count":1,"href":"https:\/\/periodicolarepublica.com\/index.php\/wp-json\/wp\/v2\/posts\/2810\/revisions"}],"predecessor-version":[{"id":2812,"href":"https:\/\/periodicolarepublica.com\/index.php\/wp-json\/wp\/v2\/posts\/2810\/revisions\/2812"}],"wp:featuredmedia":[{"embeddable":true,"href":"https:\/\/periodicolarepublica.com\/index.php\/wp-json\/wp\/v2\/media\/2811"}],"wp:attachment":[{"href":"https:\/\/periodicolarepublica.com\/index.php\/wp-json\/wp\/v2\/media?parent=2810"}],"wp:term":[{"taxonomy":"category","embeddable":true,"href":"https:\/\/periodicolarepublica.com\/index.php\/wp-json\/wp\/v2\/categories?post=2810"},{"taxonomy":"post_tag","embeddable":true,"href":"https:\/\/periodicolarepublica.com\/index.php\/wp-json\/wp\/v2\/tags?post=2810"}],"curies":[{"name":"wp","href":"https:\/\/api.w.org\/{rel}","templated":true}]}}