{"id":2817,"date":"2025-03-08T13:40:15","date_gmt":"2025-03-08T12:40:15","guid":{"rendered":"https:\/\/periodicolarepublica.com\/?p=2817"},"modified":"2025-03-08T13:40:15","modified_gmt":"2025-03-08T12:40:15","slug":"liderazgo-femenino-de-arajet-supera-el-40-de-los-colaboradores","status":"publish","type":"post","link":"https:\/\/periodicolarepublica.com\/index.php\/2025\/03\/08\/liderazgo-femenino-de-arajet-supera-el-40-de-los-colaboradores\/","title":{"rendered":"Liderazgo femenino de Arajet supera el 40% de los colaboradores"},"content":{"rendered":"<p>Santo Domingo. \u2013 Arajet, l\u00ednea a\u00e9rea dominicana, destac\u00f3 que la aerol\u00ednea cuenta con m\u00e1s del 40% de mujeres l\u00edderes en puestos claves que contribuyen a su excelencia operativa y crecimiento elevado as\u00ed su competitividad.<\/p>\n<p>La aerol\u00ednea resalt\u00f3 el valor del talento femenino en todas las \u00e1reas desde la cabina de mando hasta operaciones terrestres y liderazgo corporativo.<\/p>\n<p><img loading=\"lazy\" decoding=\"async\" class=\"alignnone size-medium wp-image-2819\" src=\"https:\/\/periodicolarepublica.com\/wp-content\/uploads\/2025\/03\/IMG_20250308_083640-300x188.jpg\" alt=\"\" width=\"300\" height=\"188\" srcset=\"https:\/\/periodicolarepublica.com\/wp-content\/uploads\/2025\/03\/IMG_20250308_083640-300x188.jpg?v=1741437519 300w, https:\/\/periodicolarepublica.com\/wp-content\/uploads\/2025\/03\/IMG_20250308_083640-1024x642.jpg?v=1741437519 1024w, https:\/\/periodicolarepublica.com\/wp-content\/uploads\/2025\/03\/IMG_20250308_083640-768x482.jpg?v=1741437519 768w, https:\/\/periodicolarepublica.com\/wp-content\/uploads\/2025\/03\/IMG_20250308_083640-1536x963.jpg?v=1741437519 1536w, https:\/\/periodicolarepublica.com\/wp-content\/uploads\/2025\/03\/IMG_20250308_083640-2048x1285.jpg?v=1741437519 2048w, https:\/\/periodicolarepublica.com\/wp-content\/uploads\/2025\/03\/IMG_20250308_083640-150x94.jpg?v=1741437519 150w, https:\/\/periodicolarepublica.com\/wp-content\/uploads\/2025\/03\/IMG_20250308_083640-600x376.jpg?v=1741437519 600w, https:\/\/periodicolarepublica.com\/wp-content\/uploads\/2025\/03\/IMG_20250308_083640-696x437.jpg?v=1741437519 696w, https:\/\/periodicolarepublica.com\/wp-content\/uploads\/2025\/03\/IMG_20250308_083640-1392x873.jpg?v=1741437519 1392w, https:\/\/periodicolarepublica.com\/wp-content\/uploads\/2025\/03\/IMG_20250308_083640-1068x670.jpg?v=1741437519 1068w, https:\/\/periodicolarepublica.com\/wp-content\/uploads\/2025\/03\/IMG_20250308_083640-1920x1204.jpg?v=1741437519 1920w\" sizes=\"auto, (max-width: 300px) 100vw, 300px\" \/><\/p>\n","protected":false},"excerpt":{"rendered":"<p>Santo Domingo. \u2013 Arajet, l\u00ednea a\u00e9rea dominicana, destac\u00f3 que la aerol\u00ednea cuenta con m\u00e1s del 40% de mujeres l\u00edderes en puestos claves que contribuyen a su excelencia operativa y crecimiento elevado as\u00ed su competitividad. La aerol\u00ednea resalt\u00f3 el valor del talento femenino en todas las \u00e1reas desde la cabina de mando hasta operaciones terrestres y [&hellip;]<\/p>\n","protected":false},"author":6,"featured_media":2819,"comment_status":"open","ping_status":"open","sticky":false,"template":"","format":"standard","meta":{"om_disable_all_campaigns":false,"_monsterinsights_skip_tracking":false,"_monsterinsights_sitenote_active":false,"_monsterinsights_sitenote_note":"","_monsterinsights_sitenote_category":0,"footnotes":""},"categories":[1,20],"tags":[288,352,193,351],"class_list":{"0":"post-2817","1":"post","2":"type-post","3":"status-publish","4":"format-standard","5":"has-post-thumbnail","7":"category-nacionales","8":"category-turismo","9":"tag-arajet-com","10":"tag-boleto-aereo","11":"tag-low-cost","12":"tag-vuelo-barato"},"aioseo_notices":[],"_links":{"self":[{"href":"https:\/\/periodicolarepublica.com\/index.php\/wp-json\/wp\/v2\/posts\/2817","targetHints":{"allow":["GET"]}}],"collection":[{"href":"https:\/\/periodicolarepublica.com\/index.php\/wp-json\/wp\/v2\/posts"}],"about":[{"href":"https:\/\/periodicolarepublica.com\/index.php\/wp-json\/wp\/v2\/types\/post"}],"author":[{"embeddable":true,"href":"https:\/\/periodicolarepublica.com\/index.php\/wp-json\/wp\/v2\/users\/6"}],"replies":[{"embeddable":true,"href":"https:\/\/periodicolarepublica.com\/index.php\/wp-json\/wp\/v2\/comments?post=2817"}],"version-history":[{"count":1,"href":"https:\/\/periodicolarepublica.com\/index.php\/wp-json\/wp\/v2\/posts\/2817\/revisions"}],"predecessor-version":[{"id":2820,"href":"https:\/\/periodicolarepublica.com\/index.php\/wp-json\/wp\/v2\/posts\/2817\/revisions\/2820"}],"wp:featuredmedia":[{"embeddable":true,"href":"https:\/\/periodicolarepublica.com\/index.php\/wp-json\/wp\/v2\/media\/2819"}],"wp:attachment":[{"href":"https:\/\/periodicolarepublica.com\/index.php\/wp-json\/wp\/v2\/media?parent=2817"}],"wp:term":[{"taxonomy":"category","embeddable":true,"href":"https:\/\/periodicolarepublica.com\/index.php\/wp-json\/wp\/v2\/categories?post=2817"},{"taxonomy":"post_tag","embeddable":true,"href":"https:\/\/periodicolarepublica.com\/index.php\/wp-json\/wp\/v2\/tags?post=2817"}],"curies":[{"name":"wp","href":"https:\/\/api.w.org\/{rel}","templated":true}]}}