{"id":2821,"date":"2025-03-08T14:39:22","date_gmt":"2025-03-08T13:39:22","guid":{"rendered":"https:\/\/periodicolarepublica.com\/?p=2821"},"modified":"2025-03-08T14:39:22","modified_gmt":"2025-03-08T13:39:22","slug":"propeep-reafirma-compromiso-de-impulsar-politicas-que-contribuyan-a-mejorar-la-calidad-de-vida-de-mujeres-vulnerables","status":"publish","type":"post","link":"https:\/\/periodicolarepublica.com\/index.php\/2025\/03\/08\/propeep-reafirma-compromiso-de-impulsar-politicas-que-contribuyan-a-mejorar-la-calidad-de-vida-de-mujeres-vulnerables\/","title":{"rendered":"Propeep reafirma compromiso de impulsar pol\u00edticas que contribuyan a mejorar la calidad de vida de mujeres vulnerables"},"content":{"rendered":"<p>Robert Polanco, asegura Gobierno de Luis Abinader est\u00e1 comprometido con la construcci\u00f3n de una sociedad m\u00e1s justa e inclusiva, donde las mujeres tambi\u00e9n sean protagonistas del bienestar social_<\/p>\n<p>*Santo Domingo, R.D.* -El director de los Proyectos Estrat\u00e9gicos y Especiales de la Presidencia (Propeep), Robert Polanco, reafirm\u00f3 el compromiso de esa entidad de seguir impulsando pol\u00edticas p\u00fablicas que contribuyan a mejorar la calidad de vida de las mujeres en condici\u00f3n de vulnerabilidad en todo el pa\u00eds.<\/p>\n<p>Polanco se expres\u00f3 en esos t\u00e9rminos mediante un comunicado de prensa en el marco de la conmemoraci\u00f3n del D\u00eda Internacional de la Mujer, en el que destac\u00f3 , adem\u00e1s, la importancia de generar oportunidades que permitan reducir las brechas sociales y econ\u00f3micas que afectan a las mujeres de sectores desfavorecidos.<\/p>\n<p>\u201cDesde Propeep estamos enfocados en generar programas y proyectos que permitan a las mujeres acceder a mejores condiciones de vida, capacitaci\u00f3n y oportunidades laborales. Creemos firmemente en la importancia de fortalecer su autonom\u00eda y empoderamiento como eje fundamental para el desarrollo del pa\u00eds\u201d, expres\u00f3 el director de Propeep.<\/p>\n<p>El funcionario resalt\u00f3 que desde sus inicios el gobierno del presidente Luis Abinader ha implementado diversas estrategias orientadas a fomentar el emprendimiento femenino, el acceso a educaci\u00f3n t\u00e9cnica y profesional y el fortalecimiento de las redes de apoyo para mujeres en situaciones de vulnerabilidad.<\/p>\n<p>Sostuvo que el objetivo es seguir trabajando de manera coordinada con diferentes sectores, a fin de garantizar que cada mujer dominicana tenga las herramientas necesarias para mejorar su calidad de vida y la de sus familias.<\/p>\n<p>*Un compromiso con reducir la desigualdad*<\/p>\n<p>Robert Polanco reafirm\u00f3 su compromiso de continuar desarrollando acciones concretas que contribuyan a la reducci\u00f3n de la desigualdad entre hombre y mujeres y a la construcci\u00f3n de una sociedad m\u00e1s justa e inclusiva.<\/p>\n<p>El director de Propeep asegur\u00f3 que seguir\u00e1 trabajando en la ejecuci\u00f3n de pol\u00edticas p\u00fablicas con perspectiva de g\u00e9nero, asegurando que cada vez m\u00e1s mujeres puedan acceder a oportunidades que les permitan contribuir de forma m\u00e1s significativa al crecimiento y desarrollo de Rep\u00fablica Dominicana.<\/p>\n<p>Asegur\u00f3 que el Gobierno de Luis Abinader est\u00e1 comprometido con la construcci\u00f3n de una sociedad m\u00e1s justa e inclusiva, donde las mujeres tambi\u00e9n sean protagonistas del bienestar social<\/p>\n<p>*Direcci\u00f3n de Comunicaciones Propeep*<\/p>\n<p>8 de marzo 2025<\/p>\n<p><img loading=\"lazy\" decoding=\"async\" class=\"alignnone size-medium wp-image-2822\" src=\"https:\/\/periodicolarepublica.com\/wp-content\/uploads\/2025\/03\/IMG-20250308-WA0007-300x200.jpg\" alt=\"\" width=\"300\" height=\"200\" srcset=\"https:\/\/periodicolarepublica.com\/wp-content\/uploads\/2025\/03\/IMG-20250308-WA0007-300x200.jpg?v=1741441122 300w, https:\/\/periodicolarepublica.com\/wp-content\/uploads\/2025\/03\/IMG-20250308-WA0007-1024x684.jpg?v=1741441122 1024w, https:\/\/periodicolarepublica.com\/wp-content\/uploads\/2025\/03\/IMG-20250308-WA0007-768x513.jpg?v=1741441122 768w, https:\/\/periodicolarepublica.com\/wp-content\/uploads\/2025\/03\/IMG-20250308-WA0007-150x100.jpg?v=1741441122 150w, https:\/\/periodicolarepublica.com\/wp-content\/uploads\/2025\/03\/IMG-20250308-WA0007-600x401.jpg?v=1741441122 600w, https:\/\/periodicolarepublica.com\/wp-content\/uploads\/2025\/03\/IMG-20250308-WA0007-696x465.jpg?v=1741441122 696w, https:\/\/periodicolarepublica.com\/wp-content\/uploads\/2025\/03\/IMG-20250308-WA0007-1068x713.jpg?v=1741441122 1068w, https:\/\/periodicolarepublica.com\/wp-content\/uploads\/2025\/03\/IMG-20250308-WA0007.jpg?v=1741441122 1280w\" sizes=\"auto, (max-width: 300px) 100vw, 300px\" \/><\/p>\n","protected":false},"excerpt":{"rendered":"<p>Robert Polanco, asegura Gobierno de Luis Abinader est\u00e1 comprometido con la construcci\u00f3n de una sociedad m\u00e1s justa e inclusiva, donde las mujeres tambi\u00e9n sean protagonistas del bienestar social_ *Santo Domingo, R.D.* -El director de los Proyectos Estrat\u00e9gicos y Especiales de la Presidencia (Propeep), Robert Polanco, reafirm\u00f3 el compromiso de esa entidad de seguir impulsando pol\u00edticas [&hellip;]<\/p>\n","protected":false},"author":6,"featured_media":2822,"comment_status":"open","ping_status":"open","sticky":false,"template":"","format":"standard","meta":{"om_disable_all_campaigns":false,"_monsterinsights_skip_tracking":false,"_monsterinsights_sitenote_active":false,"_monsterinsights_sitenote_note":"","_monsterinsights_sitenote_category":0,"footnotes":""},"categories":[1],"tags":[],"class_list":{"0":"post-2821","1":"post","2":"type-post","3":"status-publish","4":"format-standard","5":"has-post-thumbnail","7":"category-nacionales"},"aioseo_notices":[],"_links":{"self":[{"href":"https:\/\/periodicolarepublica.com\/index.php\/wp-json\/wp\/v2\/posts\/2821","targetHints":{"allow":["GET"]}}],"collection":[{"href":"https:\/\/periodicolarepublica.com\/index.php\/wp-json\/wp\/v2\/posts"}],"about":[{"href":"https:\/\/periodicolarepublica.com\/index.php\/wp-json\/wp\/v2\/types\/post"}],"author":[{"embeddable":true,"href":"https:\/\/periodicolarepublica.com\/index.php\/wp-json\/wp\/v2\/users\/6"}],"replies":[{"embeddable":true,"href":"https:\/\/periodicolarepublica.com\/index.php\/wp-json\/wp\/v2\/comments?post=2821"}],"version-history":[{"count":1,"href":"https:\/\/periodicolarepublica.com\/index.php\/wp-json\/wp\/v2\/posts\/2821\/revisions"}],"predecessor-version":[{"id":2823,"href":"https:\/\/periodicolarepublica.com\/index.php\/wp-json\/wp\/v2\/posts\/2821\/revisions\/2823"}],"wp:featuredmedia":[{"embeddable":true,"href":"https:\/\/periodicolarepublica.com\/index.php\/wp-json\/wp\/v2\/media\/2822"}],"wp:attachment":[{"href":"https:\/\/periodicolarepublica.com\/index.php\/wp-json\/wp\/v2\/media?parent=2821"}],"wp:term":[{"taxonomy":"category","embeddable":true,"href":"https:\/\/periodicolarepublica.com\/index.php\/wp-json\/wp\/v2\/categories?post=2821"},{"taxonomy":"post_tag","embeddable":true,"href":"https:\/\/periodicolarepublica.com\/index.php\/wp-json\/wp\/v2\/tags?post=2821"}],"curies":[{"name":"wp","href":"https:\/\/api.w.org\/{rel}","templated":true}]}}