{"id":2831,"date":"2025-03-10T01:13:55","date_gmt":"2025-03-10T00:13:55","guid":{"rendered":"https:\/\/periodicolarepublica.com\/?p=2831"},"modified":"2025-03-10T01:50:51","modified_gmt":"2025-03-10T00:50:51","slug":"tomas-hernandez-alberto-acusa-a-leonel-y-danilo-de-mentir-sobre-el-gobierno-de-luis-abinader","status":"publish","type":"post","link":"https:\/\/periodicolarepublica.com\/index.php\/2025\/03\/10\/tomas-hernandez-alberto-acusa-a-leonel-y-danilo-de-mentir-sobre-el-gobierno-de-luis-abinader\/","title":{"rendered":"Tom\u00e1s Hern\u00e1ndez Alberto acusa a Leonel y Danilo de mentir sobre el gobierno de Luis Abinader"},"content":{"rendered":"<p>Santo Domingo, R.D. \u2013 El presidente del Movimiento Partido Poder Pal Pueblo, ingeniero Tom\u00e1s Hern\u00e1ndez Alberto, afirm\u00f3 que los expresidentes Leonel Fern\u00e1ndez y Danilo Medina mienten al pa\u00eds con sus valoraciones sobre la gesti\u00f3n de gobierno del presidente Luis Abinader.<\/p>\n<p>Hern\u00e1ndez Alberto sostuvo que ambos exmandatarios, quienes gobernaron la naci\u00f3n por 20 a\u00f1os, han actuado en contradicci\u00f3n con la formaci\u00f3n que recibieron del profesor Juan Bosch, fundador del Partido de la Liberaci\u00f3n Dominicana (PLD).<\/p>\n<p>\u00abSus pasos por el poder han estado marcado por la falta de \u00e9tica, la ausencia de valores y una clara desviaci\u00f3n de los principios que Bosch quiso inculcar en la pol\u00edtica dominicana\u00bb, expres\u00f3 el dirigente pol\u00edtico durante una entrevista en el programa Aeromundo, que conduce el periodista Guillermo G\u00f3mez por Color Visi\u00f3n.<\/p>\n<p>El miembro destacado del Partido Revolucionario Moderno (PRM), subray\u00f3 que el expresidente Leonel Fern\u00e1ndez, a quien acus\u00f3 de haber afianzado un sistema corrupto durante sus 12 a\u00f1os en el poder y 20 a\u00f1os del PLD, de ser c\u00f3mplice de la proliferaci\u00f3n del microtr\u00e1fico en las calles del pa\u00eds\u00bb. se\u00f1al\u00f3.<\/p>\n<p>\u00abEn el caso de Danilo Medina, fue acusado de haber mentido sobre las acusaciones de corrupci\u00f3n que pesan sobre sus hermanos.\u00bb<\/p>\n<p>\u201cEl pueblo no es tonto y no olvida los gobiernos caracterizados por la corrupci\u00f3n administrativa que encabezaron ambos l\u00edderes hoy en la oposici\u00f3n\u201d, argument\u00f3.<\/p>\n<p>Asimismo, destac\u00f3 que la Rep\u00fablica Dominicana es actualmente el segundo pa\u00eds mejor valorado de la regi\u00f3n en t\u00e9rminos de estabilidad econ\u00f3mica, lo que, seg\u00fan \u00e9l, evidencia el buen desempe\u00f1o del actual gobierno.<\/p>\n<p>\u201cEl que no tiene humildad es un prepotente y el que es un prepotente est\u00e1 marcado en sus juicios con la mentira que es lo que ocurre con ambos l\u00edderes\u201d manifest\u00f3.<img loading=\"lazy\" decoding=\"async\" class=\"alignnone size-medium wp-image-2832\" src=\"https:\/\/periodicolarepublica.com\/wp-content\/uploads\/2025\/03\/IMG_20250309_160456-300x201.jpg\" alt=\"\" width=\"300\" height=\"201\" srcset=\"https:\/\/periodicolarepublica.com\/wp-content\/uploads\/2025\/03\/IMG_20250309_160456-300x201.jpg?v=1741565615 300w, https:\/\/periodicolarepublica.com\/wp-content\/uploads\/2025\/03\/IMG_20250309_160456-1024x687.jpg?v=1741565615 1024w, https:\/\/periodicolarepublica.com\/wp-content\/uploads\/2025\/03\/IMG_20250309_160456-768x515.jpg?v=1741565615 768w, https:\/\/periodicolarepublica.com\/wp-content\/uploads\/2025\/03\/IMG_20250309_160456-1536x1030.jpg?v=1741565615 1536w, https:\/\/periodicolarepublica.com\/wp-content\/uploads\/2025\/03\/IMG_20250309_160456-2048x1374.jpg?v=1741565615 2048w, https:\/\/periodicolarepublica.com\/wp-content\/uploads\/2025\/03\/IMG_20250309_160456-150x101.jpg?v=1741565615 150w, https:\/\/periodicolarepublica.com\/wp-content\/uploads\/2025\/03\/IMG_20250309_160456-600x403.jpg?v=1741565615 600w, https:\/\/periodicolarepublica.com\/wp-content\/uploads\/2025\/03\/IMG_20250309_160456-696x467.jpg?v=1741565615 696w, https:\/\/periodicolarepublica.com\/wp-content\/uploads\/2025\/03\/IMG_20250309_160456-1392x934.jpg?v=1741565615 1392w, https:\/\/periodicolarepublica.com\/wp-content\/uploads\/2025\/03\/IMG_20250309_160456-1068x716.jpg?v=1741565615 1068w, https:\/\/periodicolarepublica.com\/wp-content\/uploads\/2025\/03\/IMG_20250309_160456-1920x1288.jpg?v=1741565615 1920w\" sizes=\"auto, (max-width: 300px) 100vw, 300px\" \/><\/p>\n","protected":false},"excerpt":{"rendered":"<p>Santo Domingo, R.D. \u2013 El presidente del Movimiento Partido Poder Pal Pueblo, ingeniero Tom\u00e1s Hern\u00e1ndez Alberto, afirm\u00f3 que los expresidentes Leonel Fern\u00e1ndez y Danilo Medina mienten al pa\u00eds con sus valoraciones sobre la gesti\u00f3n de gobierno del presidente Luis Abinader. Hern\u00e1ndez Alberto sostuvo que ambos exmandatarios, quienes gobernaron la naci\u00f3n por 20 a\u00f1os, han actuado [&hellip;]<\/p>\n","protected":false},"author":10,"featured_media":2832,"comment_status":"open","ping_status":"open","sticky":false,"template":"","format":"standard","meta":{"om_disable_all_campaigns":false,"_monsterinsights_skip_tracking":false,"_monsterinsights_sitenote_active":false,"_monsterinsights_sitenote_note":"","_monsterinsights_sitenote_category":0,"footnotes":""},"categories":[1],"tags":[163],"class_list":{"0":"post-2831","1":"post","2":"type-post","3":"status-publish","4":"format-standard","5":"has-post-thumbnail","7":"category-nacionales","8":"tag-tomas-hernandez-alberto"},"aioseo_notices":[],"_links":{"self":[{"href":"https:\/\/periodicolarepublica.com\/index.php\/wp-json\/wp\/v2\/posts\/2831","targetHints":{"allow":["GET"]}}],"collection":[{"href":"https:\/\/periodicolarepublica.com\/index.php\/wp-json\/wp\/v2\/posts"}],"about":[{"href":"https:\/\/periodicolarepublica.com\/index.php\/wp-json\/wp\/v2\/types\/post"}],"author":[{"embeddable":true,"href":"https:\/\/periodicolarepublica.com\/index.php\/wp-json\/wp\/v2\/users\/10"}],"replies":[{"embeddable":true,"href":"https:\/\/periodicolarepublica.com\/index.php\/wp-json\/wp\/v2\/comments?post=2831"}],"version-history":[{"count":3,"href":"https:\/\/periodicolarepublica.com\/index.php\/wp-json\/wp\/v2\/posts\/2831\/revisions"}],"predecessor-version":[{"id":2835,"href":"https:\/\/periodicolarepublica.com\/index.php\/wp-json\/wp\/v2\/posts\/2831\/revisions\/2835"}],"wp:featuredmedia":[{"embeddable":true,"href":"https:\/\/periodicolarepublica.com\/index.php\/wp-json\/wp\/v2\/media\/2832"}],"wp:attachment":[{"href":"https:\/\/periodicolarepublica.com\/index.php\/wp-json\/wp\/v2\/media?parent=2831"}],"wp:term":[{"taxonomy":"category","embeddable":true,"href":"https:\/\/periodicolarepublica.com\/index.php\/wp-json\/wp\/v2\/categories?post=2831"},{"taxonomy":"post_tag","embeddable":true,"href":"https:\/\/periodicolarepublica.com\/index.php\/wp-json\/wp\/v2\/tags?post=2831"}],"curies":[{"name":"wp","href":"https:\/\/api.w.org\/{rel}","templated":true}]}}