{"id":2839,"date":"2025-03-13T15:12:57","date_gmt":"2025-03-13T14:12:57","guid":{"rendered":"https:\/\/periodicolarepublica.com\/?p=2839"},"modified":"2025-03-13T15:12:57","modified_gmt":"2025-03-13T14:12:57","slug":"adn-y-finjus-firman-acuerdo-para-el-fortalecimiento-de-la-seguridad-ciudadana-en-el-distrito-nacional","status":"publish","type":"post","link":"https:\/\/periodicolarepublica.com\/index.php\/2025\/03\/13\/adn-y-finjus-firman-acuerdo-para-el-fortalecimiento-de-la-seguridad-ciudadana-en-el-distrito-nacional\/","title":{"rendered":"ADN y Finjus firman acuerdo para el fortalecimiento de la seguridad ciudadana en el Distrito Nacional"},"content":{"rendered":"<p>Santo Domingo, DN- La Alcald\u00eda del Distrito Nacional y la Fundaci\u00f3n Institucionalidad y Justicia (Finjus) firmaron un acuerdo interinstitucional para el fortalecimiento de la capacidad de incidencia de la sociedad civil en materia de seguridad ciudadana en esa demarcaci\u00f3n.<\/p>\n<p>Esta uni\u00f3n busca promover iniciativas, compartir e impulsar pol\u00edticas y acciones para mejorar la seguridad ciudadana y la prevenci\u00f3n del delito a nivel local, mediante varias l\u00edneas de acciones operativas de trabajo en beneficio de los habitantes del Distrito Nacional.<\/p>\n<p>Durante la r\u00fabrica del convenio celebrado en Centro Futuro, la mesa de honor en el acto estuvo encabezada por la alcaldesa del Distrito Nacional, Carolina Mej\u00eda, y por el vicepresidente ejecutivo de la Fundaci\u00f3n Institucionalidad y Justicia, Servio Tulio Casta\u00f1os Guzm\u00e1n.<\/p>\n<p>Adem\u00e1s, estuvieron presentes el presidente del Concejo de Regidores del Distrito Nacional, Yovany Moya; la secretaria t\u00e9cnica del cabildo, Sina del Rosario; el director jur\u00eddico de la Alcald\u00eda del Distrito Nacional, Ricardo Ayanes; y la directora de Centro Futuro, Claudia Sarante.<\/p>\n<p>La alcaldesa Mej\u00eda expres\u00f3 que el sistema de justicia tiene el reto de transformarse hacia uno m\u00e1s conciliador, y que para mejorarlo, lo primero que hay que hacer es reconocerlo.<\/p>\n<p>\u201cEstamos trabajando en esa actualizaci\u00f3n necesaria para que tanto el personal, como la propia ciudadan\u00eda, tengan m\u00e1s conocimientos y tenga en sus manos esas herramientas para seguir construyendo un mejor barrio, una mejor comunidad y un buen sector\u201d, dijo la ejecutiva municipal.<\/p>\n<p>Asimismo, resalt\u00f3 la importancia que tiene el involucramiento de la sociedad civil, el ciudadano y el l\u00edder comunitario, de la mano con el rol que cada uno de ellos desempe\u00f1an en nuestra sociedad.<\/p>\n<p>Por su parte, Servio Tulio Casta\u00f1os Guzm\u00e1n afirm\u00f3 sentirse emocionado por la firma de este acuerdo y lo oportuno que ha sido el mismo. Aprovech\u00f3 el momento para anunciar que la pr\u00f3xima ley sobre seguridad comenzar\u00e1 a socializarse desde Centro Futuro.<\/p>\n<p>\u201cEs una sola Polic\u00eda la que vamos a formar y una m\u00e1s cercana a la ciudadan\u00eda en cuanto se va a fundamentar en el patrullaje\u201d, se\u00f1al\u00f3 el vicepresidente de Finjus.<\/p>\n<p>Las palabras de apertura estuvieron a cargo de Claudia Sarante, directora de Centro Futuro, quien explic\u00f3 que en conjunto con el Ministerio de Interior y Polic\u00eda y Finjus, dise\u00f1aron programas de actividades para formar a los trabajadores sociales y luego a los l\u00edderes comunitarios.<\/p>\n<p>\u201cLa formaci\u00f3n fue en dos aspectos fundamentales: resoluci\u00f3n de conflictos y convivencia pac\u00edfica, formando unos 75 l\u00edderes institucionales y de la comunidad\u201d, apunt\u00f3 Sarante.<\/p>\n<p>*El acuerdo*<\/p>\n<p>Uno de los art\u00edculos contemplados indica que el pacto ser\u00e1 para promover actividades de divulgaci\u00f3n y capacitaci\u00f3n sobre nuevas legislaciones, propuestas de leyes y otros actos normativos para favorecer la seguridad ciudadana, la reforma del sistema de justicia y la prevenci\u00f3n del delito, a trav\u00e9s de la realizaci\u00f3n de seminarios, conversatorios y talleres, que faciliten su mejor manejo y aprovechamiento.<\/p>\n<p>Otro de los art\u00edculos estipula que promover\u00e1n actividades de divulgaci\u00f3n y capacitaci\u00f3n sobre nuevas legislaciones, propuestas de leyes, normas, y otros actos normativos para favorecer la seguridad ciudadana.<\/p>\n<p><img loading=\"lazy\" decoding=\"async\" class=\"alignnone size-medium wp-image-2840\" src=\"https:\/\/periodicolarepublica.com\/wp-content\/uploads\/2025\/03\/IMG_20250313_085213-300x206.jpg\" alt=\"\" width=\"300\" height=\"206\" \/><\/p>\n","protected":false},"excerpt":{"rendered":"<p>Santo Domingo, DN- La Alcald\u00eda del Distrito Nacional y la Fundaci\u00f3n Institucionalidad y Justicia (Finjus) firmaron un acuerdo interinstitucional para el fortalecimiento de la capacidad de incidencia de la sociedad civil en materia de seguridad ciudadana en esa demarcaci\u00f3n. Esta uni\u00f3n busca promover iniciativas, compartir e impulsar pol\u00edticas y acciones para mejorar la seguridad ciudadana [&hellip;]<\/p>\n","protected":false},"author":6,"featured_media":2840,"comment_status":"open","ping_status":"open","sticky":false,"template":"","format":"standard","meta":{"om_disable_all_campaigns":false,"_monsterinsights_skip_tracking":false,"_monsterinsights_sitenote_active":false,"_monsterinsights_sitenote_note":"","_monsterinsights_sitenote_category":0,"footnotes":""},"categories":[1],"tags":[],"class_list":{"0":"post-2839","1":"post","2":"type-post","3":"status-publish","4":"format-standard","5":"has-post-thumbnail","7":"category-nacionales"},"aioseo_notices":[],"_links":{"self":[{"href":"https:\/\/periodicolarepublica.com\/index.php\/wp-json\/wp\/v2\/posts\/2839","targetHints":{"allow":["GET"]}}],"collection":[{"href":"https:\/\/periodicolarepublica.com\/index.php\/wp-json\/wp\/v2\/posts"}],"about":[{"href":"https:\/\/periodicolarepublica.com\/index.php\/wp-json\/wp\/v2\/types\/post"}],"author":[{"embeddable":true,"href":"https:\/\/periodicolarepublica.com\/index.php\/wp-json\/wp\/v2\/users\/6"}],"replies":[{"embeddable":true,"href":"https:\/\/periodicolarepublica.com\/index.php\/wp-json\/wp\/v2\/comments?post=2839"}],"version-history":[{"count":1,"href":"https:\/\/periodicolarepublica.com\/index.php\/wp-json\/wp\/v2\/posts\/2839\/revisions"}],"predecessor-version":[{"id":2841,"href":"https:\/\/periodicolarepublica.com\/index.php\/wp-json\/wp\/v2\/posts\/2839\/revisions\/2841"}],"wp:featuredmedia":[{"embeddable":true,"href":"https:\/\/periodicolarepublica.com\/index.php\/wp-json\/wp\/v2\/media\/2840"}],"wp:attachment":[{"href":"https:\/\/periodicolarepublica.com\/index.php\/wp-json\/wp\/v2\/media?parent=2839"}],"wp:term":[{"taxonomy":"category","embeddable":true,"href":"https:\/\/periodicolarepublica.com\/index.php\/wp-json\/wp\/v2\/categories?post=2839"},{"taxonomy":"post_tag","embeddable":true,"href":"https:\/\/periodicolarepublica.com\/index.php\/wp-json\/wp\/v2\/tags?post=2839"}],"curies":[{"name":"wp","href":"https:\/\/api.w.org\/{rel}","templated":true}]}}