{"id":284,"date":"2023-12-23T14:47:56","date_gmt":"2023-12-23T13:47:56","guid":{"rendered":"https:\/\/periodicolarepublica.com\/?p=284"},"modified":"2023-12-23T14:47:56","modified_gmt":"2023-12-23T13:47:56","slug":"provincia-espaillat-llena-de-atractivos-para-ecoturismo","status":"publish","type":"post","link":"https:\/\/periodicolarepublica.com\/index.php\/2023\/12\/23\/provincia-espaillat-llena-de-atractivos-para-ecoturismo\/","title":{"rendered":"Provincia Espaillat llena de atractivos para Ecoturismo"},"content":{"rendered":"<p>La Provincia Espaillat mediante su cl\u00faster ecotur\u00edstico, han buscado dar a conocer esa importante parte de Rep\u00fablica Dominicana, rica en lugares y atractivos para el ecoturismo, aventuras y gastronom\u00eda.<\/p>\n<p style=\"text-align: right;\">Grupo de periodistas, comunicadores e influencer hicieron un recorrido donde pudieron destacar de las cosas interesantes que tienen all\u00ed, para promover dicho destino, tanto para los nacionales hacer turismo interno, tambi\u00e9n como opcion a extranjeros.<\/p>\n<p style=\"text-align: center;\">Lugares recomendados a visitar Neoarte, El Grano de Cafe, Mofongo 4F, Arteco, ArteHelado, JD Dominican Farm, 20 Grados Cafe y la casa museo de Ram\u00f3n C\u00e1ceres, expresidente dominicano.<\/p>\n","protected":false},"excerpt":{"rendered":"<p>La Provincia Espaillat mediante su cl\u00faster ecotur\u00edstico, han buscado dar a conocer esa importante parte de Rep\u00fablica Dominicana, rica en lugares y atractivos para el ecoturismo, aventuras y gastronom\u00eda. Grupo de periodistas, comunicadores e influencer hicieron un recorrido donde pudieron destacar de las cosas interesantes que tienen all\u00ed, para promover dicho destino, tanto para los [&hellip;]<\/p>\n","protected":false},"author":1,"featured_media":0,"comment_status":"open","ping_status":"open","sticky":false,"template":"","format":"standard","meta":{"om_disable_all_campaigns":false,"_monsterinsights_skip_tracking":false,"_monsterinsights_sitenote_active":false,"_monsterinsights_sitenote_note":"","_monsterinsights_sitenote_category":0,"footnotes":""},"categories":[20],"tags":[46,44,45,47,22],"class_list":{"0":"post-284","1":"post","2":"type-post","3":"status-publish","4":"format-standard","6":"category-turismo","7":"tag-ecoturismo","8":"tag-espaillat","9":"tag-moca","10":"tag-mofongo","11":"tag-turismo"},"aioseo_notices":[],"_links":{"self":[{"href":"https:\/\/periodicolarepublica.com\/index.php\/wp-json\/wp\/v2\/posts\/284","targetHints":{"allow":["GET"]}}],"collection":[{"href":"https:\/\/periodicolarepublica.com\/index.php\/wp-json\/wp\/v2\/posts"}],"about":[{"href":"https:\/\/periodicolarepublica.com\/index.php\/wp-json\/wp\/v2\/types\/post"}],"author":[{"embeddable":true,"href":"https:\/\/periodicolarepublica.com\/index.php\/wp-json\/wp\/v2\/users\/1"}],"replies":[{"embeddable":true,"href":"https:\/\/periodicolarepublica.com\/index.php\/wp-json\/wp\/v2\/comments?post=284"}],"version-history":[{"count":2,"href":"https:\/\/periodicolarepublica.com\/index.php\/wp-json\/wp\/v2\/posts\/284\/revisions"}],"predecessor-version":[{"id":331,"href":"https:\/\/periodicolarepublica.com\/index.php\/wp-json\/wp\/v2\/posts\/284\/revisions\/331"}],"wp:attachment":[{"href":"https:\/\/periodicolarepublica.com\/index.php\/wp-json\/wp\/v2\/media?parent=284"}],"wp:term":[{"taxonomy":"category","embeddable":true,"href":"https:\/\/periodicolarepublica.com\/index.php\/wp-json\/wp\/v2\/categories?post=284"},{"taxonomy":"post_tag","embeddable":true,"href":"https:\/\/periodicolarepublica.com\/index.php\/wp-json\/wp\/v2\/tags?post=284"}],"curies":[{"name":"wp","href":"https:\/\/api.w.org\/{rel}","templated":true}]}}