{"id":2851,"date":"2025-03-15T03:19:20","date_gmt":"2025-03-15T02:19:20","guid":{"rendered":"https:\/\/periodicolarepublica.com\/?p=2851"},"modified":"2025-03-15T03:19:20","modified_gmt":"2025-03-15T02:19:20","slug":"san-juan-mas-salud-y-bienestar-para-todos","status":"publish","type":"post","link":"https:\/\/periodicolarepublica.com\/index.php\/2025\/03\/15\/san-juan-mas-salud-y-bienestar-para-todos\/","title":{"rendered":"San Juan: M\u00e1s Salud y Bienestar para Todos"},"content":{"rendered":"<p>El Ministerio de Salud P\u00fablica, liderado por el Dr. V\u00edctor Atallah, ha anunciado una nueva jornada de atenci\u00f3n m\u00e9dica gratuita destinada a mejorar la salud y el bienestar de los ciudadanos de San Juan. Esta iniciativa, denominada \u00abSan Juan cuidamos de ti\u00bb, tiene como objetivo garantizar que toda la poblaci\u00f3n tenga acceso a servicios de salud de calidad y atenci\u00f3n m\u00e9dica integral.<\/p>\n<p>&nbsp;<\/p>\n<p>Durante esta jornada, se ofrecer\u00e1n diversos servicios de salud para toda la familia, incluyendo consultas m\u00e9dicas, ex\u00e1menes de laboratorio, vacunaci\u00f3n y talleres de prevenci\u00f3n. La idea es proporcionar atenci\u00f3n m\u00e9dica accesible y de calidad, especialmente en \u00e1reas donde los recursos son limitados.<\/p>\n<p>&nbsp;<\/p>\n<p>El Dr. Atallah ha destacado la importancia de acercar los servicios de salud a la comunidad. \u00abNuestro compromiso es que cada persona, sin importar su situaci\u00f3n econ\u00f3mica, pueda recibir la atenci\u00f3n que necesita. La salud es un derecho fundamental\u00bb, afirm\u00f3 el ministro.<\/p>\n<p>&nbsp;<\/p>\n<p>La jornada no solo se centrar\u00e1 en la atenci\u00f3n m\u00e9dica, sino que tambi\u00e9n incluir\u00e1 actividades de educaci\u00f3n en salud. Se realizar\u00e1n charlas sobre h\u00e1bitos saludables, nutrici\u00f3n y prevenci\u00f3n de enfermedades, con el fin de empoderar a la poblaci\u00f3n en el cuidado de su propia salud.<\/p>\n<p>&nbsp;<\/p>\n<p>Adem\u00e1s, se contar\u00e1 con la participaci\u00f3n de profesionales de diversas especialidades m\u00e9dicas, lo que permitir\u00e1 atender una amplia gama de necesidades. Este enfoque integral busca no solo tratar enfermedades, sino tambi\u00e9n promover un estilo de vida saludable y prevenir futuros problemas de salud.<\/p>\n<p>&nbsp;<\/p>\n<p>La actividad se llevar\u00e1 a cabo en un lugar accesible para todos los ciudadanos, asegurando que nadie se quede sin la oportunidad de participar. Se espera una gran afluencia de personas, por lo que se recomienda a las familias acudir temprano y aprovechar los servicios disponibles.<\/p>\n<p>&nbsp;<\/p>\n<p>El Dr. Atallah tambi\u00e9n hizo un llamado a los ciudadanos para que se informen sobre la jornada y animen a sus familiares y amigos a participar. \u00abLa salud es un trabajo en equipo, y cada uno de nosotros tiene un papel que desempe\u00f1ar\u00bb, agreg\u00f3.<\/p>\n<p>&nbsp;<\/p>\n<p>Con \u00abSan Juan cuidamos de ti\u00bb, el Ministerio de Salud P\u00fablica reafirma su compromiso con la salud y bienestar de la poblaci\u00f3n. Esta jornada es una excelente oportunidad para que los sanjuaneros accedan a servicios m\u00e9dicos esenciales y se informen sobre c\u00f3mo cuidar mejor de su salud.<\/p>\n<p><img loading=\"lazy\" decoding=\"async\" class=\"alignnone size-medium wp-image-2746\" src=\"https:\/\/periodicolarepublica.com\/wp-content\/uploads\/2025\/02\/IMG-20250222-WA0081-300x200.jpg\" alt=\"\" width=\"300\" height=\"200\" srcset=\"https:\/\/periodicolarepublica.com\/wp-content\/uploads\/2025\/02\/IMG-20250222-WA0081-300x200.jpg?v=1740228426 300w, https:\/\/periodicolarepublica.com\/wp-content\/uploads\/2025\/02\/IMG-20250222-WA0081-1024x682.jpg?v=1740228426 1024w, https:\/\/periodicolarepublica.com\/wp-content\/uploads\/2025\/02\/IMG-20250222-WA0081-768x511.jpg?v=1740228426 768w, https:\/\/periodicolarepublica.com\/wp-content\/uploads\/2025\/02\/IMG-20250222-WA0081-150x100.jpg?v=1740228426 150w, https:\/\/periodicolarepublica.com\/wp-content\/uploads\/2025\/02\/IMG-20250222-WA0081-600x399.jpg?v=1740228426 600w, https:\/\/periodicolarepublica.com\/wp-content\/uploads\/2025\/02\/IMG-20250222-WA0081-696x463.jpg?v=1740228426 696w, https:\/\/periodicolarepublica.com\/wp-content\/uploads\/2025\/02\/IMG-20250222-WA0081-1068x711.jpg?v=1740228426 1068w, https:\/\/periodicolarepublica.com\/wp-content\/uploads\/2025\/02\/IMG-20250222-WA0081.jpg?v=1740228426 1080w\" sizes=\"auto, (max-width: 300px) 100vw, 300px\" \/><\/p>\n","protected":false},"excerpt":{"rendered":"<p>El Ministerio de Salud P\u00fablica, liderado por el Dr. V\u00edctor Atallah, ha anunciado una nueva jornada de atenci\u00f3n m\u00e9dica gratuita destinada a mejorar la salud y el bienestar de los ciudadanos de San Juan. Esta iniciativa, denominada \u00abSan Juan cuidamos de ti\u00bb, tiene como objetivo garantizar que toda la poblaci\u00f3n tenga acceso a servicios de [&hellip;]<\/p>\n","protected":false},"author":10,"featured_media":2746,"comment_status":"open","ping_status":"open","sticky":false,"template":"","format":"standard","meta":{"om_disable_all_campaigns":false,"_monsterinsights_skip_tracking":false,"_monsterinsights_sitenote_active":false,"_monsterinsights_sitenote_note":"","_monsterinsights_sitenote_category":0,"footnotes":""},"categories":[1],"tags":[161],"class_list":{"0":"post-2851","1":"post","2":"type-post","3":"status-publish","4":"format-standard","5":"has-post-thumbnail","7":"category-nacionales","8":"tag-victor-atallah"},"aioseo_notices":[],"_links":{"self":[{"href":"https:\/\/periodicolarepublica.com\/index.php\/wp-json\/wp\/v2\/posts\/2851","targetHints":{"allow":["GET"]}}],"collection":[{"href":"https:\/\/periodicolarepublica.com\/index.php\/wp-json\/wp\/v2\/posts"}],"about":[{"href":"https:\/\/periodicolarepublica.com\/index.php\/wp-json\/wp\/v2\/types\/post"}],"author":[{"embeddable":true,"href":"https:\/\/periodicolarepublica.com\/index.php\/wp-json\/wp\/v2\/users\/10"}],"replies":[{"embeddable":true,"href":"https:\/\/periodicolarepublica.com\/index.php\/wp-json\/wp\/v2\/comments?post=2851"}],"version-history":[{"count":1,"href":"https:\/\/periodicolarepublica.com\/index.php\/wp-json\/wp\/v2\/posts\/2851\/revisions"}],"predecessor-version":[{"id":2852,"href":"https:\/\/periodicolarepublica.com\/index.php\/wp-json\/wp\/v2\/posts\/2851\/revisions\/2852"}],"wp:featuredmedia":[{"embeddable":true,"href":"https:\/\/periodicolarepublica.com\/index.php\/wp-json\/wp\/v2\/media\/2746"}],"wp:attachment":[{"href":"https:\/\/periodicolarepublica.com\/index.php\/wp-json\/wp\/v2\/media?parent=2851"}],"wp:term":[{"taxonomy":"category","embeddable":true,"href":"https:\/\/periodicolarepublica.com\/index.php\/wp-json\/wp\/v2\/categories?post=2851"},{"taxonomy":"post_tag","embeddable":true,"href":"https:\/\/periodicolarepublica.com\/index.php\/wp-json\/wp\/v2\/tags?post=2851"}],"curies":[{"name":"wp","href":"https:\/\/api.w.org\/{rel}","templated":true}]}}