{"id":2853,"date":"2025-03-16T22:49:54","date_gmt":"2025-03-16T21:49:54","guid":{"rendered":"https:\/\/periodicolarepublica.com\/?p=2853"},"modified":"2025-03-16T22:49:54","modified_gmt":"2025-03-16T21:49:54","slug":"arajet-movilizo-30-mas-pasajeros-en-febrero-2025-respecto-a-2024","status":"publish","type":"post","link":"https:\/\/periodicolarepublica.com\/index.php\/2025\/03\/16\/arajet-movilizo-30-mas-pasajeros-en-febrero-2025-respecto-a-2024\/","title":{"rendered":"Arajet moviliz\u00f3 30% m\u00e1s pasajeros en febrero 2025 respecto a 2024"},"content":{"rendered":"<p>Arajet moviliz\u00f3 30% m\u00e1s pasajeros en febrero 2025 respecto a 202<\/p>\n<p>Seg\u00fan informe mensual de la Junta de Aviaci\u00f3n Civil Skyhigh creci\u00f3 4%, y Air Century cae 39% por el cierre de la ruta de Puerto Pr\u00edncipe en Haiti<\/p>\n<p>Santo Domingo. \u2013 Santo Domingo. &#8211; Las aerol\u00edneas dominicanas volaron 23,444 pasajeros m\u00e1s en febrero del 2025 que en el mismo mes del 2024 para un crecimiento consolidado de un 25% seg\u00fan el informe mensual emitido por la Junta de Aviaci\u00f3n Civil de la Rep\u00fablica Dominicana.<\/p>\n<p>La aerol\u00ednea con mayor crecimiento absoluto fue Arajet, que, en febrero 2025, creci\u00f3 en 23,200 pasajeros adicionales comparando el mes de febrero del a\u00f1o anterior para un incremento del 30%, lo que representa el 83% del total de pasajeros transportados entre todas las l\u00edneas a\u00e9reas dominicanas.<\/p>\n<p><img loading=\"lazy\" decoding=\"async\" class=\"alignnone size-medium wp-image-2109\" src=\"https:\/\/periodicolarepublica.com\/wp-content\/uploads\/2024\/11\/Boeing_737_Max_-_HI1101_-_Arajet-300x200.jpg\" alt=\"\" width=\"300\" height=\"200\" srcset=\"https:\/\/periodicolarepublica.com\/wp-content\/uploads\/2024\/11\/Boeing_737_Max_-_HI1101_-_Arajet-300x200.jpg?v=1731517413 300w, https:\/\/periodicolarepublica.com\/wp-content\/uploads\/2024\/11\/Boeing_737_Max_-_HI1101_-_Arajet-1024x683.jpg?v=1731517413 1024w, https:\/\/periodicolarepublica.com\/wp-content\/uploads\/2024\/11\/Boeing_737_Max_-_HI1101_-_Arajet-768x512.jpg?v=1731517413 768w, https:\/\/periodicolarepublica.com\/wp-content\/uploads\/2024\/11\/Boeing_737_Max_-_HI1101_-_Arajet-150x100.jpg?v=1731517413 150w, https:\/\/periodicolarepublica.com\/wp-content\/uploads\/2024\/11\/Boeing_737_Max_-_HI1101_-_Arajet-600x400.jpg?v=1731517413 600w, https:\/\/periodicolarepublica.com\/wp-content\/uploads\/2024\/11\/Boeing_737_Max_-_HI1101_-_Arajet-696x464.jpg?v=1731517413 696w, https:\/\/periodicolarepublica.com\/wp-content\/uploads\/2024\/11\/Boeing_737_Max_-_HI1101_-_Arajet-1068x712.jpg?v=1731517413 1068w, https:\/\/periodicolarepublica.com\/wp-content\/uploads\/2024\/11\/Boeing_737_Max_-_HI1101_-_Arajet.jpg?v=1731517413 1200w\" sizes=\"auto, (max-width: 300px) 100vw, 300px\" \/><\/p>\n","protected":false},"excerpt":{"rendered":"<p>Arajet moviliz\u00f3 30% m\u00e1s pasajeros en febrero 2025 respecto a 202 Seg\u00fan informe mensual de la Junta de Aviaci\u00f3n Civil Skyhigh creci\u00f3 4%, y Air Century cae 39% por el cierre de la ruta de Puerto Pr\u00edncipe en Haiti Santo Domingo. \u2013 Santo Domingo. &#8211; Las aerol\u00edneas dominicanas volaron 23,444 pasajeros m\u00e1s en febrero del [&hellip;]<\/p>\n","protected":false},"author":6,"featured_media":2109,"comment_status":"open","ping_status":"open","sticky":false,"template":"","format":"standard","meta":{"om_disable_all_campaigns":false,"_monsterinsights_skip_tracking":false,"_monsterinsights_sitenote_active":false,"_monsterinsights_sitenote_note":"","_monsterinsights_sitenote_category":0,"footnotes":""},"categories":[1,20],"tags":[],"class_list":{"0":"post-2853","1":"post","2":"type-post","3":"status-publish","4":"format-standard","5":"has-post-thumbnail","7":"category-nacionales","8":"category-turismo"},"aioseo_notices":[],"_links":{"self":[{"href":"https:\/\/periodicolarepublica.com\/index.php\/wp-json\/wp\/v2\/posts\/2853","targetHints":{"allow":["GET"]}}],"collection":[{"href":"https:\/\/periodicolarepublica.com\/index.php\/wp-json\/wp\/v2\/posts"}],"about":[{"href":"https:\/\/periodicolarepublica.com\/index.php\/wp-json\/wp\/v2\/types\/post"}],"author":[{"embeddable":true,"href":"https:\/\/periodicolarepublica.com\/index.php\/wp-json\/wp\/v2\/users\/6"}],"replies":[{"embeddable":true,"href":"https:\/\/periodicolarepublica.com\/index.php\/wp-json\/wp\/v2\/comments?post=2853"}],"version-history":[{"count":1,"href":"https:\/\/periodicolarepublica.com\/index.php\/wp-json\/wp\/v2\/posts\/2853\/revisions"}],"predecessor-version":[{"id":2854,"href":"https:\/\/periodicolarepublica.com\/index.php\/wp-json\/wp\/v2\/posts\/2853\/revisions\/2854"}],"wp:featuredmedia":[{"embeddable":true,"href":"https:\/\/periodicolarepublica.com\/index.php\/wp-json\/wp\/v2\/media\/2109"}],"wp:attachment":[{"href":"https:\/\/periodicolarepublica.com\/index.php\/wp-json\/wp\/v2\/media?parent=2853"}],"wp:term":[{"taxonomy":"category","embeddable":true,"href":"https:\/\/periodicolarepublica.com\/index.php\/wp-json\/wp\/v2\/categories?post=2853"},{"taxonomy":"post_tag","embeddable":true,"href":"https:\/\/periodicolarepublica.com\/index.php\/wp-json\/wp\/v2\/tags?post=2853"}],"curies":[{"name":"wp","href":"https:\/\/api.w.org\/{rel}","templated":true}]}}