{"id":2855,"date":"2025-03-16T22:56:15","date_gmt":"2025-03-16T21:56:15","guid":{"rendered":"https:\/\/periodicolarepublica.com\/?p=2855"},"modified":"2025-03-16T22:56:15","modified_gmt":"2025-03-16T21:56:15","slug":"mitur-fao-y-entidades-del-agro-exponen-a-agricultores-ante-desafios-de-produccion-en-proyecto-turistico-de-pedernales","status":"publish","type":"post","link":"https:\/\/periodicolarepublica.com\/index.php\/2025\/03\/16\/mitur-fao-y-entidades-del-agro-exponen-a-agricultores-ante-desafios-de-produccion-en-proyecto-turistico-de-pedernales\/","title":{"rendered":"MITUR, FAO y entidades del agro exponen a agricultores ante desaf\u00edos de producci\u00f3n en proyecto tur\u00edstico de Pedernales"},"content":{"rendered":"<p style=\"text-align: left;\">Llaman a agricultores a emprender y empoderarse de los beneficios que tendr\u00e1 desarrollo tur\u00edstico en la regi\u00f3n Enriquillo<\/p>\n<p style=\"text-align: left;\">\n<p style=\"text-align: left;\">Pedernales. \u2013 Ante los desaf\u00edos que conllevar\u00e1 la demanda de alimentos prevista en el proyecto tur\u00edstico de Cabo Rojo, Pedernales y la Regi\u00f3n Enriquillo, Ministerio de Turismo-MITUR-, junto a la Organizaci\u00f3n de las Naciones Unidas para la Alimentaci\u00f3n y la Agricultura (FAO) e instituciones gubernamentales afines al sector agropecuario realizaron un encuentro con agricultores de esta regi\u00f3n.<\/p>\n<p style=\"text-align: left;\">El Puerto tur\u00edstico de Cabo Rojo sirvi\u00f3 para la presentaci\u00f3n sobre el \u201cImpacto del Desarrollo Tur\u00edstico de la regi\u00f3n Enriquillo para el Sector Agropecuario\u201d.<\/p>\n<p><img loading=\"lazy\" decoding=\"async\" class=\"alignnone size-medium wp-image-2856\" src=\"https:\/\/periodicolarepublica.com\/wp-content\/uploads\/2025\/03\/Ministerio-de-Turismo-Logo-300x200.jpg\" alt=\"\" width=\"300\" height=\"200\" srcset=\"https:\/\/periodicolarepublica.com\/wp-content\/uploads\/2025\/03\/Ministerio-de-Turismo-Logo-300x200.jpg?v=1742162092 300w, https:\/\/periodicolarepublica.com\/wp-content\/uploads\/2025\/03\/Ministerio-de-Turismo-Logo-150x100.jpg?v=1742162092 150w, https:\/\/periodicolarepublica.com\/wp-content\/uploads\/2025\/03\/Ministerio-de-Turismo-Logo.jpg?v=1742162092 400w\" sizes=\"auto, (max-width: 300px) 100vw, 300px\" \/><\/p>\n","protected":false},"excerpt":{"rendered":"<p>Llaman a agricultores a emprender y empoderarse de los beneficios que tendr\u00e1 desarrollo tur\u00edstico en la regi\u00f3n Enriquillo Pedernales. \u2013 Ante los desaf\u00edos que conllevar\u00e1 la demanda de alimentos prevista en el proyecto tur\u00edstico de Cabo Rojo, Pedernales y la Regi\u00f3n Enriquillo, Ministerio de Turismo-MITUR-, junto a la Organizaci\u00f3n de las Naciones Unidas para la [&hellip;]<\/p>\n","protected":false},"author":6,"featured_media":2856,"comment_status":"open","ping_status":"open","sticky":false,"template":"","format":"standard","meta":{"om_disable_all_campaigns":false,"_monsterinsights_skip_tracking":false,"_monsterinsights_sitenote_active":false,"_monsterinsights_sitenote_note":"","_monsterinsights_sitenote_category":0,"footnotes":""},"categories":[1,20],"tags":[],"class_list":{"0":"post-2855","1":"post","2":"type-post","3":"status-publish","4":"format-standard","5":"has-post-thumbnail","7":"category-nacionales","8":"category-turismo"},"aioseo_notices":[],"_links":{"self":[{"href":"https:\/\/periodicolarepublica.com\/index.php\/wp-json\/wp\/v2\/posts\/2855","targetHints":{"allow":["GET"]}}],"collection":[{"href":"https:\/\/periodicolarepublica.com\/index.php\/wp-json\/wp\/v2\/posts"}],"about":[{"href":"https:\/\/periodicolarepublica.com\/index.php\/wp-json\/wp\/v2\/types\/post"}],"author":[{"embeddable":true,"href":"https:\/\/periodicolarepublica.com\/index.php\/wp-json\/wp\/v2\/users\/6"}],"replies":[{"embeddable":true,"href":"https:\/\/periodicolarepublica.com\/index.php\/wp-json\/wp\/v2\/comments?post=2855"}],"version-history":[{"count":1,"href":"https:\/\/periodicolarepublica.com\/index.php\/wp-json\/wp\/v2\/posts\/2855\/revisions"}],"predecessor-version":[{"id":2857,"href":"https:\/\/periodicolarepublica.com\/index.php\/wp-json\/wp\/v2\/posts\/2855\/revisions\/2857"}],"wp:featuredmedia":[{"embeddable":true,"href":"https:\/\/periodicolarepublica.com\/index.php\/wp-json\/wp\/v2\/media\/2856"}],"wp:attachment":[{"href":"https:\/\/periodicolarepublica.com\/index.php\/wp-json\/wp\/v2\/media?parent=2855"}],"wp:term":[{"taxonomy":"category","embeddable":true,"href":"https:\/\/periodicolarepublica.com\/index.php\/wp-json\/wp\/v2\/categories?post=2855"},{"taxonomy":"post_tag","embeddable":true,"href":"https:\/\/periodicolarepublica.com\/index.php\/wp-json\/wp\/v2\/tags?post=2855"}],"curies":[{"name":"wp","href":"https:\/\/api.w.org\/{rel}","templated":true}]}}