{"id":2863,"date":"2025-03-17T12:51:26","date_gmt":"2025-03-17T11:51:26","guid":{"rendered":"https:\/\/periodicolarepublica.com\/?p=2863"},"modified":"2025-03-17T12:51:26","modified_gmt":"2025-03-17T11:51:26","slug":"accidente-de-transito-en-la-avenida-27-de-febrero-deja-dos-personas-heridas-911-coordino-asistencia","status":"publish","type":"post","link":"https:\/\/periodicolarepublica.com\/index.php\/2025\/03\/17\/accidente-de-transito-en-la-avenida-27-de-febrero-deja-dos-personas-heridas-911-coordino-asistencia\/","title":{"rendered":"Accidente de tr\u00e1nsito en la Avenida 27 de Febrero deja dos personas heridas; 911 coordin\u00f3 asistencia"},"content":{"rendered":"<p>Dos personas resultaron heridas en el hecho.<\/p>\n<p>Distrito Nacional, 16 de marzo de 2025. El Sistema Nacional de Atenci\u00f3n a Emergencias y Seguridad 911 coordin\u00f3 la asistencia tras el impacto entre un cami\u00f3n y una jeepeta, ocurrido en el paso a desnivel de la Avenida 27 de Febrero con la calle Dr. Defill\u00f3, Distrito Nacional, la madrugada de este domingo.<\/p>\n<p>Tras el referido incidente, el cami\u00f3n perdi\u00f3 el control y cay\u00f3 al vac\u00edo sobre el paso a desnivel de la mencionada avenida en direcci\u00f3n oeste-este, resultando dos personas afectadas, quienes fueron trasladados a centros de salud cercanos para recibir asistencia especializada.<\/p>\n<p style=\"text-align: center;\"><img loading=\"lazy\" decoding=\"async\" class=\"alignnone size-medium wp-image-2864\" src=\"https:\/\/periodicolarepublica.com\/wp-content\/uploads\/2025\/03\/portada_informe-300x169.jpg\" alt=\"\" width=\"300\" height=\"169\" srcset=\"https:\/\/periodicolarepublica.com\/wp-content\/uploads\/2025\/03\/portada_informe-300x169.jpg?v=1742212199 300w, https:\/\/periodicolarepublica.com\/wp-content\/uploads\/2025\/03\/portada_informe-1024x577.jpg?v=1742212199 1024w, https:\/\/periodicolarepublica.com\/wp-content\/uploads\/2025\/03\/portada_informe-768x433.jpg?v=1742212199 768w, https:\/\/periodicolarepublica.com\/wp-content\/uploads\/2025\/03\/portada_informe-1536x866.jpg?v=1742212199 1536w, https:\/\/periodicolarepublica.com\/wp-content\/uploads\/2025\/03\/portada_informe-150x85.jpg?v=1742212199 150w, https:\/\/periodicolarepublica.com\/wp-content\/uploads\/2025\/03\/portada_informe-600x338.jpg?v=1742212199 600w, https:\/\/periodicolarepublica.com\/wp-content\/uploads\/2025\/03\/portada_informe-696x392.jpg?v=1742212199 696w, https:\/\/periodicolarepublica.com\/wp-content\/uploads\/2025\/03\/portada_informe-1392x784.jpg?v=1742212199 1392w, https:\/\/periodicolarepublica.com\/wp-content\/uploads\/2025\/03\/portada_informe-1068x602.jpg?v=1742212199 1068w, https:\/\/periodicolarepublica.com\/wp-content\/uploads\/2025\/03\/portada_informe.jpg?v=1742212199 1597w\" sizes=\"auto, (max-width: 300px) 100vw, 300px\" \/><\/p>\n","protected":false},"excerpt":{"rendered":"<p>Dos personas resultaron heridas en el hecho. Distrito Nacional, 16 de marzo de 2025. El Sistema Nacional de Atenci\u00f3n a Emergencias y Seguridad 911 coordin\u00f3 la asistencia tras el impacto entre un cami\u00f3n y una jeepeta, ocurrido en el paso a desnivel de la Avenida 27 de Febrero con la calle Dr. Defill\u00f3, Distrito Nacional, [&hellip;]<\/p>\n","protected":false},"author":6,"featured_media":2864,"comment_status":"open","ping_status":"open","sticky":false,"template":"","format":"standard","meta":{"om_disable_all_campaigns":false,"_monsterinsights_skip_tracking":false,"_monsterinsights_sitenote_active":false,"_monsterinsights_sitenote_note":"","_monsterinsights_sitenote_category":0,"footnotes":""},"categories":[1],"tags":[],"class_list":{"0":"post-2863","1":"post","2":"type-post","3":"status-publish","4":"format-standard","5":"has-post-thumbnail","7":"category-nacionales"},"aioseo_notices":[],"_links":{"self":[{"href":"https:\/\/periodicolarepublica.com\/index.php\/wp-json\/wp\/v2\/posts\/2863","targetHints":{"allow":["GET"]}}],"collection":[{"href":"https:\/\/periodicolarepublica.com\/index.php\/wp-json\/wp\/v2\/posts"}],"about":[{"href":"https:\/\/periodicolarepublica.com\/index.php\/wp-json\/wp\/v2\/types\/post"}],"author":[{"embeddable":true,"href":"https:\/\/periodicolarepublica.com\/index.php\/wp-json\/wp\/v2\/users\/6"}],"replies":[{"embeddable":true,"href":"https:\/\/periodicolarepublica.com\/index.php\/wp-json\/wp\/v2\/comments?post=2863"}],"version-history":[{"count":1,"href":"https:\/\/periodicolarepublica.com\/index.php\/wp-json\/wp\/v2\/posts\/2863\/revisions"}],"predecessor-version":[{"id":2865,"href":"https:\/\/periodicolarepublica.com\/index.php\/wp-json\/wp\/v2\/posts\/2863\/revisions\/2865"}],"wp:featuredmedia":[{"embeddable":true,"href":"https:\/\/periodicolarepublica.com\/index.php\/wp-json\/wp\/v2\/media\/2864"}],"wp:attachment":[{"href":"https:\/\/periodicolarepublica.com\/index.php\/wp-json\/wp\/v2\/media?parent=2863"}],"wp:term":[{"taxonomy":"category","embeddable":true,"href":"https:\/\/periodicolarepublica.com\/index.php\/wp-json\/wp\/v2\/categories?post=2863"},{"taxonomy":"post_tag","embeddable":true,"href":"https:\/\/periodicolarepublica.com\/index.php\/wp-json\/wp\/v2\/tags?post=2863"}],"curies":[{"name":"wp","href":"https:\/\/api.w.org\/{rel}","templated":true}]}}