{"id":2866,"date":"2025-03-17T13:03:35","date_gmt":"2025-03-17T12:03:35","guid":{"rendered":"https:\/\/periodicolarepublica.com\/?p=2866"},"modified":"2025-03-17T13:03:35","modified_gmt":"2025-03-17T12:03:35","slug":"policia-nacional-desmantela-banda-de-atracadores","status":"publish","type":"post","link":"https:\/\/periodicolarepublica.com\/index.php\/2025\/03\/17\/policia-nacional-desmantela-banda-de-atracadores\/","title":{"rendered":"Policia Nacional desmantela banda de atracadores"},"content":{"rendered":"<p>Policia Nacional desmantela banda de atracadores y cae abatido reconocido delincuente de 21 a\u00f1os que hab\u00eda asesinado al 1er.Tte de la PN Joel Gonz\u00e1lez Lora el dia de su cumplea\u00f1os.<\/p>\n<p>Fue abatido en un enfrentamiento con miembros de la Direcci\u00f3n de Investigaciones Criminales de la Policia Nacional, en la calle Duarte s\/n del sector Villa Liberaci\u00f3n, en Santo Domingo Este, el reconocido delincuente Argenis Valenzuela alias achito, portador de la c\u00e9dula de identidad No. 402-4463455-2, a quien al momento de sus deceso se le ocup\u00f3 una pistola marca W\u00e1ter calibre 9 mm, con la numeraci\u00f3n limada y dos c\u00e1psulas sin disparar y 4 casquillos de bala disparados a los agentes policiales, por el hecho de estar siendo buscado activamente por la muerte del 1er.Tte de la PN Joel Gonz\u00e1lez Lora, quien laboraba en el palacio de justicia de ciudad nueva, en un atraco realizado en fecha 2 de febrero 2025 a las 2:30 de la madrugada en la calle respaldo 13 del sector Los Palmares de Sabana Perdida, Santo Domingo Este, donde result\u00f3 muerto de tres tiros el oficial de Policia Nacional.<\/p>\n<p><img loading=\"lazy\" decoding=\"async\" class=\"alignnone size-medium wp-image-2867\" src=\"https:\/\/periodicolarepublica.com\/wp-content\/uploads\/2025\/03\/Policia_Nacional_Republica_Dominicana_emblem-300x225.jpg\" alt=\"\" width=\"300\" height=\"225\" srcset=\"https:\/\/periodicolarepublica.com\/wp-content\/uploads\/2025\/03\/Policia_Nacional_Republica_Dominicana_emblem-300x225.jpg?v=1742212987 300w, https:\/\/periodicolarepublica.com\/wp-content\/uploads\/2025\/03\/Policia_Nacional_Republica_Dominicana_emblem-150x113.jpg?v=1742212987 150w, https:\/\/periodicolarepublica.com\/wp-content\/uploads\/2025\/03\/Policia_Nacional_Republica_Dominicana_emblem-265x198.jpg?v=1742212987 265w, https:\/\/periodicolarepublica.com\/wp-content\/uploads\/2025\/03\/Policia_Nacional_Republica_Dominicana_emblem.jpg?v=1742212987 500w\" sizes=\"auto, (max-width: 300px) 100vw, 300px\" \/><\/p>\n","protected":false},"excerpt":{"rendered":"<p>Policia Nacional desmantela banda de atracadores y cae abatido reconocido delincuente de 21 a\u00f1os que hab\u00eda asesinado al 1er.Tte de la PN Joel Gonz\u00e1lez Lora el dia de su cumplea\u00f1os. Fue abatido en un enfrentamiento con miembros de la Direcci\u00f3n de Investigaciones Criminales de la Policia Nacional, en la calle Duarte s\/n del sector Villa [&hellip;]<\/p>\n","protected":false},"author":6,"featured_media":2867,"comment_status":"open","ping_status":"open","sticky":false,"template":"","format":"standard","meta":{"om_disable_all_campaigns":false,"_monsterinsights_skip_tracking":false,"_monsterinsights_sitenote_active":false,"_monsterinsights_sitenote_note":"","_monsterinsights_sitenote_category":0,"footnotes":""},"categories":[1],"tags":[],"class_list":{"0":"post-2866","1":"post","2":"type-post","3":"status-publish","4":"format-standard","5":"has-post-thumbnail","7":"category-nacionales"},"aioseo_notices":[],"_links":{"self":[{"href":"https:\/\/periodicolarepublica.com\/index.php\/wp-json\/wp\/v2\/posts\/2866","targetHints":{"allow":["GET"]}}],"collection":[{"href":"https:\/\/periodicolarepublica.com\/index.php\/wp-json\/wp\/v2\/posts"}],"about":[{"href":"https:\/\/periodicolarepublica.com\/index.php\/wp-json\/wp\/v2\/types\/post"}],"author":[{"embeddable":true,"href":"https:\/\/periodicolarepublica.com\/index.php\/wp-json\/wp\/v2\/users\/6"}],"replies":[{"embeddable":true,"href":"https:\/\/periodicolarepublica.com\/index.php\/wp-json\/wp\/v2\/comments?post=2866"}],"version-history":[{"count":1,"href":"https:\/\/periodicolarepublica.com\/index.php\/wp-json\/wp\/v2\/posts\/2866\/revisions"}],"predecessor-version":[{"id":2868,"href":"https:\/\/periodicolarepublica.com\/index.php\/wp-json\/wp\/v2\/posts\/2866\/revisions\/2868"}],"wp:featuredmedia":[{"embeddable":true,"href":"https:\/\/periodicolarepublica.com\/index.php\/wp-json\/wp\/v2\/media\/2867"}],"wp:attachment":[{"href":"https:\/\/periodicolarepublica.com\/index.php\/wp-json\/wp\/v2\/media?parent=2866"}],"wp:term":[{"taxonomy":"category","embeddable":true,"href":"https:\/\/periodicolarepublica.com\/index.php\/wp-json\/wp\/v2\/categories?post=2866"},{"taxonomy":"post_tag","embeddable":true,"href":"https:\/\/periodicolarepublica.com\/index.php\/wp-json\/wp\/v2\/tags?post=2866"}],"curies":[{"name":"wp","href":"https:\/\/api.w.org\/{rel}","templated":true}]}}