{"id":2872,"date":"2025-03-19T18:37:21","date_gmt":"2025-03-19T17:37:21","guid":{"rendered":"https:\/\/periodicolarepublica.com\/?p=2872"},"modified":"2025-03-19T18:37:21","modified_gmt":"2025-03-19T17:37:21","slug":"gobierno-lanza-jornada-nacional-de-desparasitacion-2025-para-impactar-a-mas-de-1-8-millones-de-beneficiarios","status":"publish","type":"post","link":"https:\/\/periodicolarepublica.com\/index.php\/2025\/03\/19\/gobierno-lanza-jornada-nacional-de-desparasitacion-2025-para-impactar-a-mas-de-1-8-millones-de-beneficiarios\/","title":{"rendered":"Gobierno lanza Jornada Nacional de Desparasitaci\u00f3n 2025 para impactar a m\u00e1s de 1.8 millones de beneficiarios"},"content":{"rendered":"<p>_Con la administraci\u00f3n de Albendazol se busca prevenir y combatir el parasitismo intestinal_<\/p>\n<p>Santo Domingo. \u2013 El Gobierno dominicano lanz\u00f3 este mi\u00e9rcoles la Jornada Nacional de Desparasitaci\u00f3n 2025, para beneficiar a m\u00e1s de 1.8 millones de estudiantes del sistema educativo p\u00fablico nacional, apoyando de esta manera el proceso de ense\u00f1anza y aprendizaje en las aulas mediante la prevenci\u00f3n de enfermedades parasitarias para que estos aprovechen mejor los nutrientes que reciben a trav\u00e9s de la alimentaci\u00f3n escolar.<\/p>\n<p>La jornada es impulsada por el Ministerio de Salud P\u00fablica, el Ministerio de Educaci\u00f3n (Minerd), el Instituto Nacional de Bienestar Estudiantil (INABIE), el Centro de Prevenci\u00f3n y Control de Enfermedades Transmitidas por Vectores y Zoonosis (CECOVEZ) en l\u00ednea con las recomendaciones de la Organizaci\u00f3n Panamericana de la Salud (OPS) y la Organizaci\u00f3n Mundial de la Salud (OMS).<\/p>\n<p>El acto de lanzamiento estuvo encabezado por el ministro de Salud P\u00fablica, Dr. V\u00edctor Atallah; el director ejecutivo del INABIE, V\u00edctor Castro; la viceministra de asuntos t\u00e9cnicos y pedag\u00f3gicos del Ministerio de Educaci\u00f3n (Minerd), Ancell Scheker; la representante de la OPS en el pa\u00eds, Alba Mar\u00eda Ropero \u00c1lvarez y Jos\u00e9 Luis Cruz Raposo, director del CECOVEZ.<\/p>\n<p>\u00abLo que se est\u00e1 haciendo con esta jornada es llevar una de las mejores formas de atenci\u00f3n primaria, porque la nutrici\u00f3n es clave en la salud, y la desparasitaci\u00f3n es fundamental para garantizar una buena alimentaci\u00f3n. Invito a toda la comunidad educativa a aprovechar esta iniciativa, porque con ella tendremos cero par\u00e1sitos y 100% de desarrollo pleno\u00bb, expres\u00f3 el ministro de Salud P\u00fablica.<\/p>\n<p>De su lado, el director del INABIE resalt\u00f3 que \u00abgracias a los esfuerzos sostenidos de esta jornada nuestros estudiantes pueden aprovechar todos los nutrientes de los alimentos que distribuimos a trav\u00e9s del Programa de Alimentaci\u00f3n Escolar\u201d.<\/p>\n<p>\u00abEste esfuerzo representa un hito m\u00e1s en el pa\u00eds en la b\u00fasqueda de la salud, la buena calidad de vida y la educaci\u00f3n de nuestros ni\u00f1os\u00bb, afirm\u00f3 la viceministra de Ancell Scheker.<\/p>\n<p>En tanto, la representante de la OPS\/OMS manifest\u00f3 que \u201cen la OPS tenemos el firme prop\u00f3sito de apoyar a los pa\u00edses a poner fin a m\u00e1s de 30 enfermedades y condiciones relacionadas para el 2030. La Iniciativa para la Eliminaci\u00f3n de Enfermedades, la cual incluye enfermedades parasitarias, es una pol\u00edtica innovadora que promueve un enfoque integrado y sostenible para acelerar el progreso hacia las metas de eliminaci\u00f3n en la Regi\u00f3n de las Am\u00e9ricas\u201d.<\/p>\n<p>*Desparasitaci\u00f3n al combate de la parasitosis intestinal*<\/p>\n<p>La parasitosis intestinal est\u00e1 directamente relacionada con anemia cr\u00f3nica por deficiencia de hierro y de micronutrientes, retraso en el crecimiento y obstrucci\u00f3n intestinal.<\/p>\n<p>Los par\u00e1sitos, transmitidos por el contacto con el suelo producen diversos signos y s\u00edntomas que incluyen manifestaciones intestinales como diarrea y dolor abdominal, malestar general y debilidad, que afectan la capacidad de aprendizaje, incrementa el ausentismo escolar y retrasan el crecimiento f\u00edsico.<\/p>\n<p>Para contrarrestar estas afecciones, como parte de la estrategia interinstitucional se administra una dosis \u00fanica de Albendazol de 400 mg en los meses de abril y octubre, con el objetivo de eliminar par\u00e1sitos intestinales (geohelmintiasis) y fortalecer el sistema inmunol\u00f3gico de los beneficiarios.<\/p>\n<p>El tratamiento se suministra a estudiantes del nivel medio de la Jornada Escolar Extendida, docentes, personal administrativo y de apoyo en m\u00e1s de 6,000 centros educativos beneficiarios del Programa de Alimentaci\u00f3n Escolar (PAE), distribuidos en las 18 regionales educativas del pa\u00eds.<\/p>\n<p>*Responsabilidades*<\/p>\n<p>Durante el desarrollo de la jornada, participar\u00e1n 220 t\u00e9cnicos del Minerd y de Salud P\u00fablica, junto con 6,120 directores de centros educativos y maestros, quienes ser\u00e1n los responsables de garantizar el \u00e9xito de esta iniciativa.<\/p>\n<p>El INABIE es el encargado de coordinar y realizar los talleres de capacitaci\u00f3n a los t\u00e9cnicos del MINERD y todo el personal involucrado en la jornada.<\/p>\n<p>Los t\u00e9cnicos regionales y distritales del Minerd se encargar\u00e1n de la distribuci\u00f3n de los medicamentos e insumos requeridos para la ejecuci\u00f3n de la jornada en las escuelas dentro de su \u00e1rea de competencia.<\/p>\n<p>Por su parte, los directores de los centros educativos tienen el compromiso de administrar el medicamento de manera oportuna. El Ministerio de Salud P\u00fablica, a trav\u00e9s de su Nivel Desconcentrado de la Rector\u00eda, supervisa y monitorea el proceso.<\/p>\n<p>El acto de lanzamiento celebrado en el Instituto Superior de Formaci\u00f3n Docente Salom\u00e9 Ure\u00f1a (ISFODOSU) tambi\u00e9n cont\u00f3 con la presencia los subdirectores del INABIE Hanoi V\u00e1squez, Mercedes P\u00e9rez Ceballos y C\u00e9sar N\u00fa\u00f1ez, as\u00ed como directores y encargados departamentales del instituto de bienestar.<\/p>\n<p>Adem\u00e1s, por Salud P\u00fablica estuvo Gina Estrella, viceministra de Gesti\u00f3n de Riesgo y Salud Ambiental; por ISFODOSU, la rectora Nurys Gonz\u00e1lez Dur\u00e1n; directores regionales, distritales y una representaci\u00f3n de estudiantes de la escuela Rep\u00fablica de Guatemala.<img loading=\"lazy\" decoding=\"async\" class=\"alignnone size-medium wp-image-2873\" src=\"https:\/\/periodicolarepublica.com\/wp-content\/uploads\/2025\/03\/IMG-20250319-WA0434-300x190.jpg\" alt=\"\" width=\"300\" height=\"190\" srcset=\"https:\/\/periodicolarepublica.com\/wp-content\/uploads\/2025\/03\/IMG-20250319-WA0434-300x190.jpg?v=1742405825 300w, https:\/\/periodicolarepublica.com\/wp-content\/uploads\/2025\/03\/IMG-20250319-WA0434-1024x650.jpg?v=1742405825 1024w, https:\/\/periodicolarepublica.com\/wp-content\/uploads\/2025\/03\/IMG-20250319-WA0434-768x487.jpg?v=1742405825 768w, https:\/\/periodicolarepublica.com\/wp-content\/uploads\/2025\/03\/IMG-20250319-WA0434-1536x974.jpg?v=1742405825 1536w, https:\/\/periodicolarepublica.com\/wp-content\/uploads\/2025\/03\/IMG-20250319-WA0434-150x95.jpg?v=1742405825 150w, https:\/\/periodicolarepublica.com\/wp-content\/uploads\/2025\/03\/IMG-20250319-WA0434-600x381.jpg?v=1742405825 600w, https:\/\/periodicolarepublica.com\/wp-content\/uploads\/2025\/03\/IMG-20250319-WA0434-696x442.jpg?v=1742405825 696w, https:\/\/periodicolarepublica.com\/wp-content\/uploads\/2025\/03\/IMG-20250319-WA0434-1392x883.jpg?v=1742405825 1392w, https:\/\/periodicolarepublica.com\/wp-content\/uploads\/2025\/03\/IMG-20250319-WA0434-1068x678.jpg?v=1742405825 1068w, https:\/\/periodicolarepublica.com\/wp-content\/uploads\/2025\/03\/IMG-20250319-WA0434.jpg?v=1742405825 1600w\" sizes=\"auto, (max-width: 300px) 100vw, 300px\" \/><\/p>\n","protected":false},"excerpt":{"rendered":"<p>_Con la administraci\u00f3n de Albendazol se busca prevenir y combatir el parasitismo intestinal_ Santo Domingo. \u2013 El Gobierno dominicano lanz\u00f3 este mi\u00e9rcoles la Jornada Nacional de Desparasitaci\u00f3n 2025, para beneficiar a m\u00e1s de 1.8 millones de estudiantes del sistema educativo p\u00fablico nacional, apoyando de esta manera el proceso de ense\u00f1anza y aprendizaje en las aulas [&hellip;]<\/p>\n","protected":false},"author":10,"featured_media":2873,"comment_status":"open","ping_status":"open","sticky":false,"template":"","format":"standard","meta":{"om_disable_all_campaigns":false,"_monsterinsights_skip_tracking":false,"_monsterinsights_sitenote_active":false,"_monsterinsights_sitenote_note":"","_monsterinsights_sitenote_category":0,"footnotes":""},"categories":[1],"tags":[159],"class_list":{"0":"post-2872","1":"post","2":"type-post","3":"status-publish","4":"format-standard","5":"has-post-thumbnail","7":"category-nacionales","8":"tag-ministro-de-salud-publica-victor-atallah"},"aioseo_notices":[],"_links":{"self":[{"href":"https:\/\/periodicolarepublica.com\/index.php\/wp-json\/wp\/v2\/posts\/2872","targetHints":{"allow":["GET"]}}],"collection":[{"href":"https:\/\/periodicolarepublica.com\/index.php\/wp-json\/wp\/v2\/posts"}],"about":[{"href":"https:\/\/periodicolarepublica.com\/index.php\/wp-json\/wp\/v2\/types\/post"}],"author":[{"embeddable":true,"href":"https:\/\/periodicolarepublica.com\/index.php\/wp-json\/wp\/v2\/users\/10"}],"replies":[{"embeddable":true,"href":"https:\/\/periodicolarepublica.com\/index.php\/wp-json\/wp\/v2\/comments?post=2872"}],"version-history":[{"count":1,"href":"https:\/\/periodicolarepublica.com\/index.php\/wp-json\/wp\/v2\/posts\/2872\/revisions"}],"predecessor-version":[{"id":2874,"href":"https:\/\/periodicolarepublica.com\/index.php\/wp-json\/wp\/v2\/posts\/2872\/revisions\/2874"}],"wp:featuredmedia":[{"embeddable":true,"href":"https:\/\/periodicolarepublica.com\/index.php\/wp-json\/wp\/v2\/media\/2873"}],"wp:attachment":[{"href":"https:\/\/periodicolarepublica.com\/index.php\/wp-json\/wp\/v2\/media?parent=2872"}],"wp:term":[{"taxonomy":"category","embeddable":true,"href":"https:\/\/periodicolarepublica.com\/index.php\/wp-json\/wp\/v2\/categories?post=2872"},{"taxonomy":"post_tag","embeddable":true,"href":"https:\/\/periodicolarepublica.com\/index.php\/wp-json\/wp\/v2\/tags?post=2872"}],"curies":[{"name":"wp","href":"https:\/\/api.w.org\/{rel}","templated":true}]}}