{"id":2875,"date":"2025-03-20T20:11:35","date_gmt":"2025-03-20T19:11:35","guid":{"rendered":"https:\/\/periodicolarepublica.com\/?p=2875"},"modified":"2025-03-20T20:11:35","modified_gmt":"2025-03-20T19:11:35","slug":"felicitan-al-dr-mario-lama-del-sns-por-exitosa-entrega-del-hospital-en-peravia","status":"publish","type":"post","link":"https:\/\/periodicolarepublica.com\/index.php\/2025\/03\/20\/felicitan-al-dr-mario-lama-del-sns-por-exitosa-entrega-del-hospital-en-peravia\/","title":{"rendered":"Felicitan al Dr. Mario Lama del SNS, por exitosa entrega del Hospital en Peravia\u00a0"},"content":{"rendered":"<p>El Dr. Mario Lama, Director Ejecutivo del Servicio Nacional de Salud (SNS), recibi\u00f3 las felicitaciones del grupo de medios La Rep\u00fablica, por su destacada gesti\u00f3n al entregar el Hospital Nuestra Se\u00f1ora de la Regla, en la provincia de Peravia, completamente remozado y preparado para ofrecer servicios de salud de calidad a la poblaci\u00f3n.<\/p>\n<p>La entrega de la obra representa un avance significativo en la infraestructura sanitaria de la regi\u00f3n, fue celebrada con la presencia del Presidente Luis Abinader, las autoridades locales, m\u00e9dicos, personal de salud y miembros de la comunidad. El hospital ha sido sometido a una rehabilitaci\u00f3n integral, con la que se han mejorado sus instalaciones y equipos m\u00e9dicos, lo que permitir\u00e1 a los pacientes recibir atenci\u00f3n m\u00e1s eficiente y moderna.<\/p>\n<p>Por su parte, las autoridades locales expresaron su gratitud por el trabajo realizado, destacando la importancia del hospital en el servicio a miles de familias de la regi\u00f3n sur del pa\u00eds.<\/p>\n<figure id=\"attachment_2876\" aria-describedby=\"caption-attachment-2876\" style=\"width: 300px\" class=\"wp-caption alignnone\"><img loading=\"lazy\" decoding=\"async\" class=\"size-medium wp-image-2876\" src=\"https:\/\/periodicolarepublica.com\/wp-content\/uploads\/2025\/03\/IMG-20250320-WA0042-300x196.jpg\" alt=\"\" width=\"300\" height=\"196\" srcset=\"https:\/\/periodicolarepublica.com\/wp-content\/uploads\/2025\/03\/IMG-20250320-WA0042-300x196.jpg 300w, https:\/\/periodicolarepublica.com\/wp-content\/uploads\/2025\/03\/IMG-20250320-WA0042-1024x669.jpg 1024w, https:\/\/periodicolarepublica.com\/wp-content\/uploads\/2025\/03\/IMG-20250320-WA0042-768x502.jpg 768w, https:\/\/periodicolarepublica.com\/wp-content\/uploads\/2025\/03\/IMG-20250320-WA0042-1536x1003.jpg 1536w, https:\/\/periodicolarepublica.com\/wp-content\/uploads\/2025\/03\/IMG-20250320-WA0042-150x98.jpg 150w, https:\/\/periodicolarepublica.com\/wp-content\/uploads\/2025\/03\/IMG-20250320-WA0042-600x392.jpg 600w, https:\/\/periodicolarepublica.com\/wp-content\/uploads\/2025\/03\/IMG-20250320-WA0042-696x455.jpg 696w, https:\/\/periodicolarepublica.com\/wp-content\/uploads\/2025\/03\/IMG-20250320-WA0042-1392x909.jpg 1392w, https:\/\/periodicolarepublica.com\/wp-content\/uploads\/2025\/03\/IMG-20250320-WA0042-1068x698.jpg 1068w, https:\/\/periodicolarepublica.com\/wp-content\/uploads\/2025\/03\/IMG-20250320-WA0042.jpg 1600w\" sizes=\"auto, (max-width: 300px) 100vw, 300px\" \/><figcaption id=\"caption-attachment-2876\" class=\"wp-caption-text\">Mario Lama y M\u00e1ximo Mi\u00f1oso<\/figcaption><\/figure>\n<p>El Hospital Nuestra Se\u00f1ora de la Regla es uno de los centros de salud m\u00e1s importantes de la provincia y, con esta renovaci\u00f3n, se espera que brinde atenci\u00f3n de calidad a las personas en la regi\u00f3n.<\/p>\n<p>Las felicitaciones al Dr. Mario Lama no se hicieron esperar en las redes sociales al ser publicada la actividad en una cobertura por el Peri\u00f3dico La Rep\u00fablica.<\/p>\n<p>Con la inauguraci\u00f3n de este hospital renovado, el SNS reafirma su compromiso con la salud p\u00fablica y el bienestar de los dominicanos, asegurando que el acceso a la atenci\u00f3n m\u00e9dica de calidad llegue a todos los rincones del pa\u00eds.<\/p>\n","protected":false},"excerpt":{"rendered":"<p>El Dr. Mario Lama, Director Ejecutivo del Servicio Nacional de Salud (SNS), recibi\u00f3 las felicitaciones del grupo de medios La Rep\u00fablica, por su destacada gesti\u00f3n al entregar el Hospital Nuestra Se\u00f1ora de la Regla, en la provincia de Peravia, completamente remozado y preparado para ofrecer servicios de salud de calidad a la poblaci\u00f3n. La entrega [&hellip;]<\/p>\n","protected":false},"author":1,"featured_media":2876,"comment_status":"open","ping_status":"open","sticky":false,"template":"","format":"standard","meta":{"om_disable_all_campaigns":false,"_monsterinsights_skip_tracking":false,"_monsterinsights_sitenote_active":false,"_monsterinsights_sitenote_note":"","_monsterinsights_sitenote_category":0,"footnotes":""},"categories":[1],"tags":[],"class_list":{"0":"post-2875","1":"post","2":"type-post","3":"status-publish","4":"format-standard","5":"has-post-thumbnail","7":"category-nacionales"},"aioseo_notices":[],"_links":{"self":[{"href":"https:\/\/periodicolarepublica.com\/index.php\/wp-json\/wp\/v2\/posts\/2875","targetHints":{"allow":["GET"]}}],"collection":[{"href":"https:\/\/periodicolarepublica.com\/index.php\/wp-json\/wp\/v2\/posts"}],"about":[{"href":"https:\/\/periodicolarepublica.com\/index.php\/wp-json\/wp\/v2\/types\/post"}],"author":[{"embeddable":true,"href":"https:\/\/periodicolarepublica.com\/index.php\/wp-json\/wp\/v2\/users\/1"}],"replies":[{"embeddable":true,"href":"https:\/\/periodicolarepublica.com\/index.php\/wp-json\/wp\/v2\/comments?post=2875"}],"version-history":[{"count":1,"href":"https:\/\/periodicolarepublica.com\/index.php\/wp-json\/wp\/v2\/posts\/2875\/revisions"}],"predecessor-version":[{"id":2877,"href":"https:\/\/periodicolarepublica.com\/index.php\/wp-json\/wp\/v2\/posts\/2875\/revisions\/2877"}],"wp:featuredmedia":[{"embeddable":true,"href":"https:\/\/periodicolarepublica.com\/index.php\/wp-json\/wp\/v2\/media\/2876"}],"wp:attachment":[{"href":"https:\/\/periodicolarepublica.com\/index.php\/wp-json\/wp\/v2\/media?parent=2875"}],"wp:term":[{"taxonomy":"category","embeddable":true,"href":"https:\/\/periodicolarepublica.com\/index.php\/wp-json\/wp\/v2\/categories?post=2875"},{"taxonomy":"post_tag","embeddable":true,"href":"https:\/\/periodicolarepublica.com\/index.php\/wp-json\/wp\/v2\/tags?post=2875"}],"curies":[{"name":"wp","href":"https:\/\/api.w.org\/{rel}","templated":true}]}}