{"id":2878,"date":"2025-03-21T13:55:40","date_gmt":"2025-03-21T12:55:40","guid":{"rendered":"https:\/\/periodicolarepublica.com\/?p=2878"},"modified":"2025-03-21T13:56:11","modified_gmt":"2025-03-21T12:56:11","slug":"constituyen-la-real-federacion-nacional-de-padel-de-rd","status":"publish","type":"post","link":"https:\/\/periodicolarepublica.com\/index.php\/2025\/03\/21\/constituyen-la-real-federacion-nacional-de-padel-de-rd\/","title":{"rendered":"Constituyen la Real Federaci\u00f3n Nacional de P\u00e1del de RD"},"content":{"rendered":"<p>Nace con la misi\u00f3n de impulsar el deporte y posicionar a RD como referente en la disciplina<\/p>\n<p>Santo Domingo &#8211; Con gran entusiasmo y compromiso, anunciamos la constituci\u00f3n de la Real Federaci\u00f3n Nacional de P\u00e1del de la Rep\u00fablica Dominicana (RFNPRD), una nueva instituci\u00f3n que busca elevar el nivel de esta disciplina deportiva en el pa\u00eds, promoviendo su desarrollo integral y beneficiando a todos los actores involucrados en esta creciente pr\u00e1ctica.<\/p>\n<p>El acta de la asamblea constitutiva establece que la FNPRD est\u00e1 compuesta por Jos\u00e9 Isern Diego, presidente; Diego Jos\u00e9 Garrig\u00f3 Mej\u00eda, vicepresidente; Juan Quintana Franco, secretario general; Jos\u00e9 Javier Torr\u00f3n, tesorero; Roberto Bonetti Pastoriza, primer vocal; Augusto Reyes Estrella, segundo vocal; y Gonzalo Frechilla Armenteros, tercer vocal. Adem\u00e1s, participaron la Asociaci\u00f3n Nacional de Jugadores de P\u00e1del (ANPADEL), Asociaci\u00f3n de P\u00e1del Norte (PADELNORTE) y Asociaci\u00f3n P\u00e1del Este (PADELESTE).<\/p>\n<p>La directiva indic\u00f3 que tiene el prop\u00f3sito de regular, promover y desarrollar el p\u00e1del en la Rep\u00fablica Dominicana, para lo cual, en colaboraci\u00f3n con los organismos internacionales, busca afianzar las bases de este deporte, garantizar la equidad en las competiciones y contribuir al bienestar de todos los implicados.<\/p>\n<p>Recientemente la Direcci\u00f3n Nacional de Clubes del Ministerio de Deportes y Recreaci\u00f3n certific\u00f3 a la RFNPRD, con domicilio principal en la avenida Abraham Lincoln n\u00famero 1019, bajo la presidencia del se\u00f1or Jos\u00e9 Isern Diego. Asimismo, consta del acta de inscripci\u00f3n de personas jur\u00eddicas en el Registro Nacional de Contribuyentes de la Direcci\u00f3n General de Impuestos Internos y el certificado de incorporaci\u00f3n como \u00f3rgano interasociativo, emitido por la Procuradur\u00eda General de la Rep\u00fablica.<\/p>\n<p>La Real Federaci\u00f3n Nacional de P\u00e1del de la Rep\u00fablica Dominicana se propone construir una base s\u00f3lida que promueva el avance del p\u00e1del, garantizando ventajas para los clubes, jugadores y entrenadores, a trav\u00e9s del impulso del deporte hacia nuevos destinos en los que el talento local pueda sobresalir.<\/p>\n<p>En ese sentido, la federaci\u00f3n desarrollar\u00e1 programas en escuelas y clubes para que las nuevas generaciones se involucren en el p\u00e1del desde temprana edad. Con el prop\u00f3sito de asegurar que nuestros jugadores y entrenadores tengan una formaci\u00f3n de calidad, se implementar\u00e1 un sistema de calificaci\u00f3n de instructores, brindando la oportunidad de certificar a los entrenadores que contribuyan a la evoluci\u00f3n del deporte en el pa\u00eds.<\/p>\n<p>Uno de los objetivos m\u00e1s ambiciosos de la RFNPRD es la organizaci\u00f3n de torneos internacionales en suelo dominicano, los cuales no solo pondr\u00e1n a la Rep\u00fablica Dominicana en el mapa global de este deporte, sino que tambi\u00e9n permitir\u00e1n que los jugadores locales se midan con los mejores del mundo.<\/p>\n<p>Asimismo, la Real Federaci\u00f3n Nacional de P\u00e1del de la Rep\u00fablica Dominicana trabajar\u00e1 en la implementaci\u00f3n de un sistema de ranking nacional de jugadores, lo que permitir\u00e1 que los deportistas se clasifiquen y se midan de manera justa, promoviendo la competitividad y el rendimiento.<\/p>\n<p>La entidad sin fines de lucro adelant\u00f3 que buscar\u00e1 implementar reglas internacionales para que los torneos locales est\u00e9n alineados con los est\u00e1ndares globales y proporcionen a los jugadores la posibilidad de competir.<\/p>\n<p>A corto plazo, se plantea la escogencia de una selecci\u00f3n nacional que pueda representar a Rep\u00fablica Dominicana frente a sus hom\u00f3logos de otros pa\u00edses.<\/p>\n<p><img loading=\"lazy\" decoding=\"async\" class=\"alignnone size-medium wp-image-2879\" src=\"https:\/\/periodicolarepublica.com\/wp-content\/uploads\/2025\/03\/IMG-20250321-WA0004-300x225.jpg\" alt=\"\" width=\"300\" height=\"225\" srcset=\"https:\/\/periodicolarepublica.com\/wp-content\/uploads\/2025\/03\/IMG-20250321-WA0004-300x225.jpg?v=1742561706 300w, https:\/\/periodicolarepublica.com\/wp-content\/uploads\/2025\/03\/IMG-20250321-WA0004-1024x768.jpg?v=1742561706 1024w, https:\/\/periodicolarepublica.com\/wp-content\/uploads\/2025\/03\/IMG-20250321-WA0004-768x576.jpg?v=1742561706 768w, https:\/\/periodicolarepublica.com\/wp-content\/uploads\/2025\/03\/IMG-20250321-WA0004-1536x1152.jpg?v=1742561706 1536w, https:\/\/periodicolarepublica.com\/wp-content\/uploads\/2025\/03\/IMG-20250321-WA0004-150x113.jpg?v=1742561706 150w, https:\/\/periodicolarepublica.com\/wp-content\/uploads\/2025\/03\/IMG-20250321-WA0004-600x450.jpg?v=1742561706 600w, https:\/\/periodicolarepublica.com\/wp-content\/uploads\/2025\/03\/IMG-20250321-WA0004-696x522.jpg?v=1742561706 696w, https:\/\/periodicolarepublica.com\/wp-content\/uploads\/2025\/03\/IMG-20250321-WA0004-1392x1044.jpg?v=1742561706 1392w, https:\/\/periodicolarepublica.com\/wp-content\/uploads\/2025\/03\/IMG-20250321-WA0004-1068x801.jpg?v=1742561706 1068w, https:\/\/periodicolarepublica.com\/wp-content\/uploads\/2025\/03\/IMG-20250321-WA0004-265x198.jpg?v=1742561706 265w, https:\/\/periodicolarepublica.com\/wp-content\/uploads\/2025\/03\/IMG-20250321-WA0004-530x396.jpg?v=1742561706 530w, https:\/\/periodicolarepublica.com\/wp-content\/uploads\/2025\/03\/IMG-20250321-WA0004.jpg?v=1742561706 1600w\" sizes=\"auto, (max-width: 300px) 100vw, 300px\" \/><\/p>\n<p>&nbsp;<\/p>\n<p>*Pie de Foto*: Diego Garrig\u00f3, junto al ministro de deportes Kelvin Cruz y Juan Quintana<\/p>\n<p>&nbsp;<\/p>\n<p>&nbsp;<\/p>\n<p>&nbsp;<\/p>\n<p>&nbsp;<\/p>\n<p>&nbsp;<\/p>\n<p>&nbsp;<\/p>\n<p>&nbsp;<\/p>\n<p>&nbsp;<\/p>\n<p>&nbsp;<\/p>\n<p>&nbsp;<\/p>\n<p>&nbsp;<\/p>\n<p>&nbsp;<\/p>\n","protected":false},"excerpt":{"rendered":"<p>Nace con la misi\u00f3n de impulsar el deporte y posicionar a RD como referente en la disciplina Santo Domingo &#8211; Con gran entusiasmo y compromiso, anunciamos la constituci\u00f3n de la Real Federaci\u00f3n Nacional de P\u00e1del de la Rep\u00fablica Dominicana (RFNPRD), una nueva instituci\u00f3n que busca elevar el nivel de esta disciplina deportiva en el pa\u00eds, [&hellip;]<\/p>\n","protected":false},"author":6,"featured_media":2879,"comment_status":"open","ping_status":"open","sticky":false,"template":"","format":"standard","meta":{"om_disable_all_campaigns":false,"_monsterinsights_skip_tracking":false,"_monsterinsights_sitenote_active":false,"_monsterinsights_sitenote_note":"","_monsterinsights_sitenote_category":0,"footnotes":""},"categories":[1],"tags":[],"class_list":{"0":"post-2878","1":"post","2":"type-post","3":"status-publish","4":"format-standard","5":"has-post-thumbnail","7":"category-nacionales"},"aioseo_notices":[],"_links":{"self":[{"href":"https:\/\/periodicolarepublica.com\/index.php\/wp-json\/wp\/v2\/posts\/2878","targetHints":{"allow":["GET"]}}],"collection":[{"href":"https:\/\/periodicolarepublica.com\/index.php\/wp-json\/wp\/v2\/posts"}],"about":[{"href":"https:\/\/periodicolarepublica.com\/index.php\/wp-json\/wp\/v2\/types\/post"}],"author":[{"embeddable":true,"href":"https:\/\/periodicolarepublica.com\/index.php\/wp-json\/wp\/v2\/users\/6"}],"replies":[{"embeddable":true,"href":"https:\/\/periodicolarepublica.com\/index.php\/wp-json\/wp\/v2\/comments?post=2878"}],"version-history":[{"count":1,"href":"https:\/\/periodicolarepublica.com\/index.php\/wp-json\/wp\/v2\/posts\/2878\/revisions"}],"predecessor-version":[{"id":2880,"href":"https:\/\/periodicolarepublica.com\/index.php\/wp-json\/wp\/v2\/posts\/2878\/revisions\/2880"}],"wp:featuredmedia":[{"embeddable":true,"href":"https:\/\/periodicolarepublica.com\/index.php\/wp-json\/wp\/v2\/media\/2879"}],"wp:attachment":[{"href":"https:\/\/periodicolarepublica.com\/index.php\/wp-json\/wp\/v2\/media?parent=2878"}],"wp:term":[{"taxonomy":"category","embeddable":true,"href":"https:\/\/periodicolarepublica.com\/index.php\/wp-json\/wp\/v2\/categories?post=2878"},{"taxonomy":"post_tag","embeddable":true,"href":"https:\/\/periodicolarepublica.com\/index.php\/wp-json\/wp\/v2\/tags?post=2878"}],"curies":[{"name":"wp","href":"https:\/\/api.w.org\/{rel}","templated":true}]}}