{"id":2884,"date":"2025-03-22T18:21:16","date_gmt":"2025-03-22T17:21:16","guid":{"rendered":"https:\/\/periodicolarepublica.com\/?p=2884"},"modified":"2025-03-22T18:21:16","modified_gmt":"2025-03-22T17:21:16","slug":"luis-abinader-y-la-nueva-era-agropecuaria-tomas-hernandez-alberto-celebra-los-logros","status":"publish","type":"post","link":"https:\/\/periodicolarepublica.com\/index.php\/2025\/03\/22\/luis-abinader-y-la-nueva-era-agropecuaria-tomas-hernandez-alberto-celebra-los-logros\/","title":{"rendered":"Luis Abinader y la Nueva Era Agropecuaria: Tom\u00e1s Hern\u00e1ndez Alberto Celebra los Logros"},"content":{"rendered":"<p>Santo Domingo, \u2013 El agr\u00f3nomo Tom\u00e1s Hern\u00e1ndez Alberto ha destacado la exitosa gesti\u00f3n del presidente Luis Abinader en el sector agropecuario, subrayando su firme compromiso con el desarrollo del campo dominicano. En un reciente pronunciamiento, Hern\u00e1ndez Alberto elogi\u00f3 las pol\u00edticas implementadas por el mandatario, que han permitido un notable avance en la producci\u00f3n agr\u00edcola y el bienestar de los agricultores.<\/p>\n<p>Durante su intervenci\u00f3n, el agr\u00f3nomo afirm\u00f3 que la administraci\u00f3n de Abinader ha demostrado una dedicaci\u00f3n ejemplar al sector agropecuario, haciendo hincapi\u00e9 en que \u201cel verdadero desarrollo del campo dominicano comienza con pol\u00edticas que priorizan la inversi\u00f3n en infraestructura y capacitaci\u00f3n para nuestros agricultores\u201d. Seg\u00fan Hern\u00e1ndez Alberto, estas iniciativas son fundamentales para impulsar la econom\u00eda rural y asegurar la seguridad alimentaria del pa\u00eds.<\/p>\n<p>El agr\u00f3nomo tambi\u00e9n invit\u00f3 a la poblaci\u00f3n a observar de cerca los avances logrados en el sector. \u201cEs momento de que todos vean c\u00f3mo surgen las oportunidades en el campo dominicano, gracias a un presidente noble que ha puesto el campo en el centro de su agenda\u201d, expres\u00f3. Esta invitaci\u00f3n busca generar una mayor conciencia sobre la importancia del agro en la econom\u00eda nacional.<\/p>\n<p>Hern\u00e1ndez Alberto resalt\u00f3 que, bajo la direcci\u00f3n de Abinader, se han implementado programas que fomentan la sostenibilidad y el uso eficiente de los recursos naturales, asegurando una producci\u00f3n m\u00e1s responsable y consciente del medio ambiente. \u201cNo solo se trata de producir m\u00e1s, sino de hacerlo de manera que preservemos nuestras tierras para futuras generaciones\u201d, a\u00f1adi\u00f3.<\/p>\n<p>Asimismo, el agr\u00f3nomo hizo un llamado a los agricultores y a la comunidad en general para que se unan a estos esfuerzos y colaboren en la consolidaci\u00f3n de un sector agropecuario m\u00e1s fuerte y competitivo. \u201cLa participaci\u00f3n activa de todos es crucial para lograr los objetivos que nos hemos propuesto\u201d, afirm\u00f3.<img loading=\"lazy\" decoding=\"async\" class=\"alignnone size-medium wp-image-2557\" src=\"https:\/\/periodicolarepublica.com\/wp-content\/uploads\/2025\/01\/FB_IMG_1705413389194-300x300.jpg\" alt=\"\" width=\"300\" height=\"300\" srcset=\"https:\/\/periodicolarepublica.com\/wp-content\/uploads\/2025\/01\/FB_IMG_1705413389194-300x300.jpg?v=1737823938 300w, https:\/\/periodicolarepublica.com\/wp-content\/uploads\/2025\/01\/FB_IMG_1705413389194-150x150.jpg?v=1737823938 150w, https:\/\/periodicolarepublica.com\/wp-content\/uploads\/2025\/01\/FB_IMG_1705413389194-600x600.jpg?v=1737823938 600w, https:\/\/periodicolarepublica.com\/wp-content\/uploads\/2025\/01\/FB_IMG_1705413389194-696x696.jpg?v=1737823938 696w, https:\/\/periodicolarepublica.com\/wp-content\/uploads\/2025\/01\/FB_IMG_1705413389194.jpg?v=1737823938 768w\" sizes=\"auto, (max-width: 300px) 100vw, 300px\" \/><\/p>\n","protected":false},"excerpt":{"rendered":"<p>Santo Domingo, \u2013 El agr\u00f3nomo Tom\u00e1s Hern\u00e1ndez Alberto ha destacado la exitosa gesti\u00f3n del presidente Luis Abinader en el sector agropecuario, subrayando su firme compromiso con el desarrollo del campo dominicano. En un reciente pronunciamiento, Hern\u00e1ndez Alberto elogi\u00f3 las pol\u00edticas implementadas por el mandatario, que han permitido un notable avance en la producci\u00f3n agr\u00edcola y [&hellip;]<\/p>\n","protected":false},"author":10,"featured_media":2557,"comment_status":"open","ping_status":"open","sticky":false,"template":"","format":"standard","meta":{"om_disable_all_campaigns":false,"_monsterinsights_skip_tracking":false,"_monsterinsights_sitenote_active":false,"_monsterinsights_sitenote_note":"","_monsterinsights_sitenote_category":0,"footnotes":""},"categories":[1],"tags":[163],"class_list":{"0":"post-2884","1":"post","2":"type-post","3":"status-publish","4":"format-standard","5":"has-post-thumbnail","7":"category-nacionales","8":"tag-tomas-hernandez-alberto"},"aioseo_notices":[],"_links":{"self":[{"href":"https:\/\/periodicolarepublica.com\/index.php\/wp-json\/wp\/v2\/posts\/2884","targetHints":{"allow":["GET"]}}],"collection":[{"href":"https:\/\/periodicolarepublica.com\/index.php\/wp-json\/wp\/v2\/posts"}],"about":[{"href":"https:\/\/periodicolarepublica.com\/index.php\/wp-json\/wp\/v2\/types\/post"}],"author":[{"embeddable":true,"href":"https:\/\/periodicolarepublica.com\/index.php\/wp-json\/wp\/v2\/users\/10"}],"replies":[{"embeddable":true,"href":"https:\/\/periodicolarepublica.com\/index.php\/wp-json\/wp\/v2\/comments?post=2884"}],"version-history":[{"count":1,"href":"https:\/\/periodicolarepublica.com\/index.php\/wp-json\/wp\/v2\/posts\/2884\/revisions"}],"predecessor-version":[{"id":2885,"href":"https:\/\/periodicolarepublica.com\/index.php\/wp-json\/wp\/v2\/posts\/2884\/revisions\/2885"}],"wp:featuredmedia":[{"embeddable":true,"href":"https:\/\/periodicolarepublica.com\/index.php\/wp-json\/wp\/v2\/media\/2557"}],"wp:attachment":[{"href":"https:\/\/periodicolarepublica.com\/index.php\/wp-json\/wp\/v2\/media?parent=2884"}],"wp:term":[{"taxonomy":"category","embeddable":true,"href":"https:\/\/periodicolarepublica.com\/index.php\/wp-json\/wp\/v2\/categories?post=2884"},{"taxonomy":"post_tag","embeddable":true,"href":"https:\/\/periodicolarepublica.com\/index.php\/wp-json\/wp\/v2\/tags?post=2884"}],"curies":[{"name":"wp","href":"https:\/\/api.w.org\/{rel}","templated":true}]}}