{"id":2891,"date":"2025-03-26T18:51:50","date_gmt":"2025-03-26T17:51:50","guid":{"rendered":"https:\/\/periodicolarepublica.com\/?p=2891"},"modified":"2025-03-26T18:51:50","modified_gmt":"2025-03-26T17:51:50","slug":"tomas-hernandez-alberto-destaca-la-participacion-del-presidente-luis-abinader-en-el-latin-american-cities","status":"publish","type":"post","link":"https:\/\/periodicolarepublica.com\/index.php\/2025\/03\/26\/tomas-hernandez-alberto-destaca-la-participacion-del-presidente-luis-abinader-en-el-latin-american-cities\/","title":{"rendered":"Tom\u00e1s Hern\u00e1ndez Alberto Destaca la Participaci\u00f3n del Presidente Luis Abinader en el Latin American Cities"},"content":{"rendered":"<p>Santo Domingo,\u00a0 \u2013 El ingeniero Tom\u00e1s Hern\u00e1ndez Alberto, destaca la reciente participaci\u00f3n del presidente Luis Abinader en el evento Latin American Cities, donde se dirigi\u00f3 a un grupo de empresarios sobre las condiciones favorables para la inversi\u00f3n en la Rep\u00fablica Dominicana. Durante su discurso, el presidente Abinader destac\u00f3 la calidad del clima de negocios en el pa\u00eds, lo que sigue atrayendo la confianza de los mercados.<\/p>\n<p>&nbsp;<\/p>\n<p>Hern\u00e1ndez Alberto, reconocido pol\u00edtico en el desarrollo econ\u00f3mico del pa\u00eds, subray\u00f3 la efectividad del discurso del presidente, quien se mostr\u00f3 optimista sobre el futuro econ\u00f3mico de la naci\u00f3n. \u00abLa exposici\u00f3n del presidente fue clara y motivadora, y refleja el compromiso de su administraci\u00f3n con el crecimiento y la estabilidad econ\u00f3mica\u00bb, afirm\u00f3 Hern\u00e1ndez.<\/p>\n<p>&nbsp;<\/p>\n<p>Entre los temas abordados, por ingeniero Tom\u00e1s Hern\u00e1ndez Alberto, tambi\u00e9n mencion\u00f3 su perspectiva sobre la actual tasa del d\u00f3lar estadounidense, se\u00f1alando que no hay motivos para preocuparse. Seg\u00fan \u00e9l, las fluctuaciones en el valor del d\u00f3lar son parte de un ciclo natural del mercado. \u00abEl mundo est\u00e1 experimentando cambios significativos, especialmente con las pol\u00edticas del presidente Donald Trump, que ha implementado aranceles que impactan el comercio internacional\u00bb, explic\u00f3.<\/p>\n<p>&nbsp;<\/p>\n<p>Hern\u00e1ndez Alberto afirm\u00f3 que, a pesar de las tensiones actuales, se espera que la situaci\u00f3n se normalice con el tiempo. \u00abEs un periodo de adaptaci\u00f3n, pero conf\u00edo en que, a medida que se ajusten las pol\u00edticas, la econom\u00eda global encontrar\u00e1 su equilibrio\u00bb, agreg\u00f3.<img loading=\"lazy\" decoding=\"async\" class=\"alignnone size-medium wp-image-2113\" src=\"https:\/\/periodicolarepublica.com\/wp-content\/uploads\/2024\/11\/20241114_143150-300x254.jpg\" alt=\"\" width=\"300\" height=\"254\" srcset=\"https:\/\/periodicolarepublica.com\/wp-content\/uploads\/2024\/11\/20241114_143150-300x254.jpg?v=1731611062 300w, https:\/\/periodicolarepublica.com\/wp-content\/uploads\/2024\/11\/20241114_143150-150x127.jpg?v=1731611062 150w, https:\/\/periodicolarepublica.com\/wp-content\/uploads\/2024\/11\/20241114_143150-600x508.jpg?v=1731611062 600w, https:\/\/periodicolarepublica.com\/wp-content\/uploads\/2024\/11\/20241114_143150.jpg?v=1731611062 680w\" sizes=\"auto, (max-width: 300px) 100vw, 300px\" \/><\/p>\n<p>&nbsp;<\/p>\n<p>El ingeniero destac\u00f3 que el presidente Abinader est\u00e1 realizando un trabajo notable para fortalecer la econom\u00eda dominicana. \u00abSu enfoque proactivo y su esfuerzo por atraer inversiones son esenciales para el desarrollo sostenible del pa\u00eds\u00bb, concluy\u00f3.<\/p>\n","protected":false},"excerpt":{"rendered":"<p>Santo Domingo,\u00a0 \u2013 El ingeniero Tom\u00e1s Hern\u00e1ndez Alberto, destaca la reciente participaci\u00f3n del presidente Luis Abinader en el evento Latin American Cities, donde se dirigi\u00f3 a un grupo de empresarios sobre las condiciones favorables para la inversi\u00f3n en la Rep\u00fablica Dominicana. Durante su discurso, el presidente Abinader destac\u00f3 la calidad del clima de negocios en [&hellip;]<\/p>\n","protected":false},"author":10,"featured_media":2113,"comment_status":"open","ping_status":"open","sticky":false,"template":"","format":"standard","meta":{"om_disable_all_campaigns":false,"_monsterinsights_skip_tracking":false,"_monsterinsights_sitenote_active":false,"_monsterinsights_sitenote_note":"","_monsterinsights_sitenote_category":0,"footnotes":""},"categories":[1],"tags":[163],"class_list":{"0":"post-2891","1":"post","2":"type-post","3":"status-publish","4":"format-standard","5":"has-post-thumbnail","7":"category-nacionales","8":"tag-tomas-hernandez-alberto"},"aioseo_notices":[],"_links":{"self":[{"href":"https:\/\/periodicolarepublica.com\/index.php\/wp-json\/wp\/v2\/posts\/2891","targetHints":{"allow":["GET"]}}],"collection":[{"href":"https:\/\/periodicolarepublica.com\/index.php\/wp-json\/wp\/v2\/posts"}],"about":[{"href":"https:\/\/periodicolarepublica.com\/index.php\/wp-json\/wp\/v2\/types\/post"}],"author":[{"embeddable":true,"href":"https:\/\/periodicolarepublica.com\/index.php\/wp-json\/wp\/v2\/users\/10"}],"replies":[{"embeddable":true,"href":"https:\/\/periodicolarepublica.com\/index.php\/wp-json\/wp\/v2\/comments?post=2891"}],"version-history":[{"count":1,"href":"https:\/\/periodicolarepublica.com\/index.php\/wp-json\/wp\/v2\/posts\/2891\/revisions"}],"predecessor-version":[{"id":2892,"href":"https:\/\/periodicolarepublica.com\/index.php\/wp-json\/wp\/v2\/posts\/2891\/revisions\/2892"}],"wp:featuredmedia":[{"embeddable":true,"href":"https:\/\/periodicolarepublica.com\/index.php\/wp-json\/wp\/v2\/media\/2113"}],"wp:attachment":[{"href":"https:\/\/periodicolarepublica.com\/index.php\/wp-json\/wp\/v2\/media?parent=2891"}],"wp:term":[{"taxonomy":"category","embeddable":true,"href":"https:\/\/periodicolarepublica.com\/index.php\/wp-json\/wp\/v2\/categories?post=2891"},{"taxonomy":"post_tag","embeddable":true,"href":"https:\/\/periodicolarepublica.com\/index.php\/wp-json\/wp\/v2\/tags?post=2891"}],"curies":[{"name":"wp","href":"https:\/\/api.w.org\/{rel}","templated":true}]}}