{"id":2894,"date":"2025-03-26T20:13:51","date_gmt":"2025-03-26T19:13:51","guid":{"rendered":"https:\/\/periodicolarepublica.com\/?p=2894"},"modified":"2025-03-26T20:13:51","modified_gmt":"2025-03-26T19:13:51","slug":"las-fronteras-del-mundo","status":"publish","type":"post","link":"https:\/\/periodicolarepublica.com\/index.php\/2025\/03\/26\/las-fronteras-del-mundo\/","title":{"rendered":"Las Fronteras del Mundo"},"content":{"rendered":"<p>Por Yoarem Monegro<\/p>\n<p>Las fronteras no son solo l\u00edneas en el mapa; son el resultado de procesos naturales y de la historia compartida, donde la empat\u00eda y la reciprocidad juegan un papel crucial en la pol\u00edtica y las relaciones internacionales.<\/p>\n<p>\u00abSeg\u00fan la historia del mundo viv\u00edamos en una hermosa pangea en d\u00f3nde todos de forma unida \u00e9ramos un solo continente cerca de 335 millones de a\u00f1os para ese contexto.<\/p>\n<p>Sin embargo, la unidad no fue permanente porque por naturaleza del suelo existen geogr\u00e1ficamente algo llamado placas tect\u00f3nicas que por movimientos naturales que hace la tierra en proceso rotaci\u00f3n y traslaci\u00f3n se hacen d\u00eda a d\u00eda constantes movimientos en nuestro suelo, estos movimientos muchos son m\u00e1s por cambio clim\u00e1ticos influenciados\u00bb.<\/p>\n<p>No obstante, la misma historia nos lleva en reloj del tiempo indicado que desde hace m\u00e1s de 175 millones de a\u00f1os surgieron por estos movimientos las divisiones de territorios, mejor dicho fronteras, no fue que alguien quer\u00eda un Estado y mand\u00f3 un equipo de greda y pala mec\u00e1nica a dividir un territorio de otro.<\/p>\n<p>Es que, las fronteras son fruto de los movimientos tect\u00f3nicos y as\u00ed mismo por misma naturaleza de estas fronteras surgen las mezclas de razas, ni se diga de toda la influencia en el mundo por los viajes de Crist\u00f3bal Col\u00f3n y otros importantes en la historia, mezclas de diferentes rasgos.<\/p>\n<p>Es preciso comprender que las fronteras permiten que los pa\u00edses puedan preservar sus intereses exitosamente as\u00ed mismo tambi\u00e9n existe por un tema de desarrollo un gran n\u00famero de pa\u00edses que sus fronteras son abiertas porque los Pa\u00edses que les colindan son de econom\u00eda, etnia y cultura as\u00ed como religi\u00f3n, gastronom\u00eda e idiomas iguales pa\u00edses que de uno a otro se cruza caminando y que otros en veh\u00edculos muchos los divide un restaurante otros una simple rayita, porque no poseen conflictos entre s\u00ed y tampoco desde sus independencias tuvieron como antecedentes el poder del territorio.<\/p>\n<p>Es importante considerar que, lo mismo que nos afecta a nosotros como pa\u00eds en un momento determinado puede afectar a otros como Estado. Tanto en diplomacia como en pol\u00edtica tambi\u00e9n aplica empat\u00eda y reciprocidad para los Estados.<img loading=\"lazy\" decoding=\"async\" class=\"alignnone size-medium wp-image-2895\" src=\"https:\/\/periodicolarepublica.com\/wp-content\/uploads\/2025\/03\/IMG-20250326-WA0501-300x169.jpg\" alt=\"\" width=\"300\" height=\"169\" \/><\/p>\n","protected":false},"excerpt":{"rendered":"<p>Por Yoarem Monegro Las fronteras no son solo l\u00edneas en el mapa; son el resultado de procesos naturales y de la historia compartida, donde la empat\u00eda y la reciprocidad juegan un papel crucial en la pol\u00edtica y las relaciones internacionales. \u00abSeg\u00fan la historia del mundo viv\u00edamos en una hermosa pangea en d\u00f3nde todos de forma [&hellip;]<\/p>\n","protected":false},"author":10,"featured_media":0,"comment_status":"open","ping_status":"open","sticky":false,"template":"","format":"standard","meta":{"om_disable_all_campaigns":false,"_monsterinsights_skip_tracking":false,"_monsterinsights_sitenote_active":false,"_monsterinsights_sitenote_note":"","_monsterinsights_sitenote_category":0,"footnotes":""},"categories":[1],"tags":[],"class_list":{"0":"post-2894","1":"post","2":"type-post","3":"status-publish","4":"format-standard","6":"category-nacionales"},"aioseo_notices":[],"_links":{"self":[{"href":"https:\/\/periodicolarepublica.com\/index.php\/wp-json\/wp\/v2\/posts\/2894","targetHints":{"allow":["GET"]}}],"collection":[{"href":"https:\/\/periodicolarepublica.com\/index.php\/wp-json\/wp\/v2\/posts"}],"about":[{"href":"https:\/\/periodicolarepublica.com\/index.php\/wp-json\/wp\/v2\/types\/post"}],"author":[{"embeddable":true,"href":"https:\/\/periodicolarepublica.com\/index.php\/wp-json\/wp\/v2\/users\/10"}],"replies":[{"embeddable":true,"href":"https:\/\/periodicolarepublica.com\/index.php\/wp-json\/wp\/v2\/comments?post=2894"}],"version-history":[{"count":1,"href":"https:\/\/periodicolarepublica.com\/index.php\/wp-json\/wp\/v2\/posts\/2894\/revisions"}],"predecessor-version":[{"id":2896,"href":"https:\/\/periodicolarepublica.com\/index.php\/wp-json\/wp\/v2\/posts\/2894\/revisions\/2896"}],"wp:attachment":[{"href":"https:\/\/periodicolarepublica.com\/index.php\/wp-json\/wp\/v2\/media?parent=2894"}],"wp:term":[{"taxonomy":"category","embeddable":true,"href":"https:\/\/periodicolarepublica.com\/index.php\/wp-json\/wp\/v2\/categories?post=2894"},{"taxonomy":"post_tag","embeddable":true,"href":"https:\/\/periodicolarepublica.com\/index.php\/wp-json\/wp\/v2\/tags?post=2894"}],"curies":[{"name":"wp","href":"https:\/\/api.w.org\/{rel}","templated":true}]}}