{"id":2900,"date":"2025-03-26T22:59:50","date_gmt":"2025-03-26T21:59:50","guid":{"rendered":"https:\/\/periodicolarepublica.com\/?p=2900"},"modified":"2025-03-26T22:59:50","modified_gmt":"2025-03-26T21:59:50","slug":"darisy-suero-juventud-dominicana-en-panama-apoya-las-medidas-economicas-del-presidente-luis-abinader","status":"publish","type":"post","link":"https:\/\/periodicolarepublica.com\/index.php\/2025\/03\/26\/darisy-suero-juventud-dominicana-en-panama-apoya-las-medidas-economicas-del-presidente-luis-abinader\/","title":{"rendered":"Darisy Suero Juventud Dominicana en Panam\u00e1 Apoya las Medidas Econ\u00f3micas del Presidente Luis Abinader"},"content":{"rendered":"<p>Panam\u00e1,\u2013 Darisy\u00a0 Suero, Secretaria de la Juventud en la seccional de Panam\u00e1, junto con la comunidad dominicana residente en el pa\u00eds, han expresado su firme apoyo a las medidas econ\u00f3micas implementadas por el presidente de la Rep\u00fablica Dominicana, Luis Abinader. Esta manifestaci\u00f3n de respaldo resalta la fortaleza del Partido Revolucionario Moderno (PRM) entre la juventud dominicana en Panam\u00e1.<\/p>\n<p>Durante un encuentro reciente, Suero destac\u00f3 la importancia de las pol\u00edticas econ\u00f3micas que buscan el desarrollo y bienestar de la naci\u00f3n. \u201cEstamos comprometidos con la buena gesti\u00f3n del presidente Abinader y continuaremos apoyando su liderazgo tanto aqu\u00ed en Panam\u00e1 como en nuestra querida Rep\u00fablica Dominicana\u201d, afirm\u00f3.<\/p>\n<p style=\"text-align: right\">La comunidad dominicana en Panam\u00e1 se siente optimista respecto a los avances que se est\u00e1n logrando y reafirma su deseo de contribuir al crecimiento del pa\u00eds. \u201cLa juventud es el futuro, y estamos listos para ser parte de este cambio positivo\u201d, agreg\u00f3 Suero.<img loading=\"lazy\" decoding=\"async\" class=\"size-medium wp-image-2901 alignright\" src=\"https:\/\/periodicolarepublica.com\/wp-content\/uploads\/2025\/03\/IMG-20250326-WA0624-204x300.jpg\" alt=\"\" width=\"204\" height=\"300\" \/><\/p>\n","protected":false},"excerpt":{"rendered":"<p>Panam\u00e1,\u2013 Darisy\u00a0 Suero, Secretaria de la Juventud en la seccional de Panam\u00e1, junto con la comunidad dominicana residente en el pa\u00eds, han expresado su firme apoyo a las medidas econ\u00f3micas implementadas por el presidente de la Rep\u00fablica Dominicana, Luis Abinader. Esta manifestaci\u00f3n de respaldo resalta la fortaleza del Partido Revolucionario Moderno (PRM) entre la juventud [&hellip;]<\/p>\n","protected":false},"author":10,"featured_media":0,"comment_status":"open","ping_status":"open","sticky":false,"template":"","format":"standard","meta":{"om_disable_all_campaigns":false,"_monsterinsights_skip_tracking":false,"_monsterinsights_sitenote_active":false,"_monsterinsights_sitenote_note":"","_monsterinsights_sitenote_category":0,"footnotes":""},"categories":[1],"tags":[],"class_list":{"0":"post-2900","1":"post","2":"type-post","3":"status-publish","4":"format-standard","6":"category-nacionales"},"aioseo_notices":[],"_links":{"self":[{"href":"https:\/\/periodicolarepublica.com\/index.php\/wp-json\/wp\/v2\/posts\/2900","targetHints":{"allow":["GET"]}}],"collection":[{"href":"https:\/\/periodicolarepublica.com\/index.php\/wp-json\/wp\/v2\/posts"}],"about":[{"href":"https:\/\/periodicolarepublica.com\/index.php\/wp-json\/wp\/v2\/types\/post"}],"author":[{"embeddable":true,"href":"https:\/\/periodicolarepublica.com\/index.php\/wp-json\/wp\/v2\/users\/10"}],"replies":[{"embeddable":true,"href":"https:\/\/periodicolarepublica.com\/index.php\/wp-json\/wp\/v2\/comments?post=2900"}],"version-history":[{"count":1,"href":"https:\/\/periodicolarepublica.com\/index.php\/wp-json\/wp\/v2\/posts\/2900\/revisions"}],"predecessor-version":[{"id":2902,"href":"https:\/\/periodicolarepublica.com\/index.php\/wp-json\/wp\/v2\/posts\/2900\/revisions\/2902"}],"wp:attachment":[{"href":"https:\/\/periodicolarepublica.com\/index.php\/wp-json\/wp\/v2\/media?parent=2900"}],"wp:term":[{"taxonomy":"category","embeddable":true,"href":"https:\/\/periodicolarepublica.com\/index.php\/wp-json\/wp\/v2\/categories?post=2900"},{"taxonomy":"post_tag","embeddable":true,"href":"https:\/\/periodicolarepublica.com\/index.php\/wp-json\/wp\/v2\/tags?post=2900"}],"curies":[{"name":"wp","href":"https:\/\/api.w.org\/{rel}","templated":true}]}}