{"id":2903,"date":"2025-03-27T03:02:16","date_gmt":"2025-03-27T02:02:16","guid":{"rendered":"https:\/\/periodicolarepublica.com\/?p=2903"},"modified":"2025-03-27T03:02:16","modified_gmt":"2025-03-27T02:02:16","slug":"diputados-entregan-reconocimiento-a-anje-propuesto-por-vicente-sanchez","status":"publish","type":"post","link":"https:\/\/periodicolarepublica.com\/index.php\/2025\/03\/27\/diputados-entregan-reconocimiento-a-anje-propuesto-por-vicente-sanchez\/","title":{"rendered":"Diputados entregan reconocimiento a ANJE propuesto por Vicente S\u00e1nchez"},"content":{"rendered":"<p>Presidenta de la entidad recibi\u00f3 el reconocimiento propuesto mediante resoluci\u00f3n del diputado Vicente S\u00e1nchez Henr\u00edquez.<\/p>\n<p>SANTO DOMINGO.- La C\u00e1mara de Diputados entreg\u00f3 hoy a la Asociaci\u00f3n Nacional de J\u00f3venes Empresarios (ANJE) su reconocimiento a la trayectoria de la entidad en defensa de la institucionalidad democr\u00e1tica \u201c y por su valioso aporte al desarrollo del sector empresarial joven en la Rep\u00fablica Dominicana\u201d.<\/p>\n<p>El presidente de la C\u00e1mara Baja, Alfredo Pacheco, entreg\u00f3 a la presidenta de la ANJE, Claudia Finke, el reconocimiento otorgado en virtud de la resoluci\u00f3n 00059, de la autor\u00eda del diputado S\u00e1nchez Henr\u00edquez.<\/p>\n<p>El proyecto de resoluci\u00f3n tambi\u00e9n exalta el valioso empe\u00f1o de la entidad que agrupa a j\u00f3venes empresarios dominicanos por su apoyo e iniciativas en el desarrollo de los debates electorales en Rep\u00fablica Dominicano.<\/p>\n<p>Al proponer la distinci\u00f3n, el diputado Vicente S\u00e1nchez Henr\u00edquez destaca el rol preponderante jugado por la ANJE en favor de la democracia de que disfruta el pa\u00eds.<\/p>\n<p>\u201cLa ANJE ha contribuido significativamente en la elaboraci\u00f3n y discursos de importantes reformas electorales del pa\u00eds\u201d, a\u00f1adi\u00f3. \u201cLos j\u00f3venes empresarios han desempe\u00f1ado un papel importante en la vida econ\u00f3mica y pol\u00edtica del pa\u00eds, convirti\u00e9ndose en los l\u00edderes de los gremios empresariales\u201d.<\/p>\n<p>Durante la ceremonia de entrega en la C\u00e1mara de Diputados, la presidenta de ANJE. Claudia Finke agradeci\u00f3 la alta distinci\u00f3n legislativa, y dijo que este reconocimiento implica para la entidad un compromiso con la sociedad dominicana.<\/p>\n<p>La resoluci\u00f3n 00059 fue firmada por el presidente te de la c\u00e1mara de diputados, Alfredo Pacheco.<\/p>\n<p><img loading=\"lazy\" decoding=\"async\" class=\"alignnone size-medium wp-image-2904\" src=\"https:\/\/periodicolarepublica.com\/wp-content\/uploads\/2025\/03\/IMG-20250326-WA0036-300x200.jpg\" alt=\"\" width=\"300\" height=\"200\" srcset=\"https:\/\/periodicolarepublica.com\/wp-content\/uploads\/2025\/03\/IMG-20250326-WA0036-300x200.jpg?v=1743040910 300w, https:\/\/periodicolarepublica.com\/wp-content\/uploads\/2025\/03\/IMG-20250326-WA0036-1024x682.jpg?v=1743040910 1024w, https:\/\/periodicolarepublica.com\/wp-content\/uploads\/2025\/03\/IMG-20250326-WA0036-768x512.jpg?v=1743040910 768w, https:\/\/periodicolarepublica.com\/wp-content\/uploads\/2025\/03\/IMG-20250326-WA0036-1536x1024.jpg?v=1743040910 1536w, https:\/\/periodicolarepublica.com\/wp-content\/uploads\/2025\/03\/IMG-20250326-WA0036-2048x1365.jpg?v=1743040910 2048w, https:\/\/periodicolarepublica.com\/wp-content\/uploads\/2025\/03\/IMG-20250326-WA0036-150x100.jpg?v=1743040910 150w, https:\/\/periodicolarepublica.com\/wp-content\/uploads\/2025\/03\/IMG-20250326-WA0036-600x400.jpg?v=1743040910 600w, https:\/\/periodicolarepublica.com\/wp-content\/uploads\/2025\/03\/IMG-20250326-WA0036-696x464.jpg?v=1743040910 696w, https:\/\/periodicolarepublica.com\/wp-content\/uploads\/2025\/03\/IMG-20250326-WA0036-1392x928.jpg?v=1743040910 1392w, https:\/\/periodicolarepublica.com\/wp-content\/uploads\/2025\/03\/IMG-20250326-WA0036-1068x712.jpg?v=1743040910 1068w, https:\/\/periodicolarepublica.com\/wp-content\/uploads\/2025\/03\/IMG-20250326-WA0036-1920x1280.jpg?v=1743040910 1920w\" sizes=\"auto, (max-width: 300px) 100vw, 300px\" \/><\/p>\n","protected":false},"excerpt":{"rendered":"<p>Presidenta de la entidad recibi\u00f3 el reconocimiento propuesto mediante resoluci\u00f3n del diputado Vicente S\u00e1nchez Henr\u00edquez. SANTO DOMINGO.- La C\u00e1mara de Diputados entreg\u00f3 hoy a la Asociaci\u00f3n Nacional de J\u00f3venes Empresarios (ANJE) su reconocimiento a la trayectoria de la entidad en defensa de la institucionalidad democr\u00e1tica \u201c y por su valioso aporte al desarrollo del sector [&hellip;]<\/p>\n","protected":false},"author":6,"featured_media":2904,"comment_status":"open","ping_status":"open","sticky":false,"template":"","format":"standard","meta":{"om_disable_all_campaigns":false,"_monsterinsights_skip_tracking":false,"_monsterinsights_sitenote_active":false,"_monsterinsights_sitenote_note":"","_monsterinsights_sitenote_category":0,"footnotes":""},"categories":[1],"tags":[],"class_list":{"0":"post-2903","1":"post","2":"type-post","3":"status-publish","4":"format-standard","5":"has-post-thumbnail","7":"category-nacionales"},"aioseo_notices":[],"_links":{"self":[{"href":"https:\/\/periodicolarepublica.com\/index.php\/wp-json\/wp\/v2\/posts\/2903","targetHints":{"allow":["GET"]}}],"collection":[{"href":"https:\/\/periodicolarepublica.com\/index.php\/wp-json\/wp\/v2\/posts"}],"about":[{"href":"https:\/\/periodicolarepublica.com\/index.php\/wp-json\/wp\/v2\/types\/post"}],"author":[{"embeddable":true,"href":"https:\/\/periodicolarepublica.com\/index.php\/wp-json\/wp\/v2\/users\/6"}],"replies":[{"embeddable":true,"href":"https:\/\/periodicolarepublica.com\/index.php\/wp-json\/wp\/v2\/comments?post=2903"}],"version-history":[{"count":2,"href":"https:\/\/periodicolarepublica.com\/index.php\/wp-json\/wp\/v2\/posts\/2903\/revisions"}],"predecessor-version":[{"id":2906,"href":"https:\/\/periodicolarepublica.com\/index.php\/wp-json\/wp\/v2\/posts\/2903\/revisions\/2906"}],"wp:featuredmedia":[{"embeddable":true,"href":"https:\/\/periodicolarepublica.com\/index.php\/wp-json\/wp\/v2\/media\/2904"}],"wp:attachment":[{"href":"https:\/\/periodicolarepublica.com\/index.php\/wp-json\/wp\/v2\/media?parent=2903"}],"wp:term":[{"taxonomy":"category","embeddable":true,"href":"https:\/\/periodicolarepublica.com\/index.php\/wp-json\/wp\/v2\/categories?post=2903"},{"taxonomy":"post_tag","embeddable":true,"href":"https:\/\/periodicolarepublica.com\/index.php\/wp-json\/wp\/v2\/tags?post=2903"}],"curies":[{"name":"wp","href":"https:\/\/api.w.org\/{rel}","templated":true}]}}