{"id":2907,"date":"2025-03-28T20:28:11","date_gmt":"2025-03-28T19:28:11","guid":{"rendered":"https:\/\/periodicolarepublica.com\/?p=2907"},"modified":"2025-03-28T20:28:11","modified_gmt":"2025-03-28T19:28:11","slug":"mopc-lleva-plan-de-pavimentacion-a-sectores-en-peravia","status":"publish","type":"post","link":"https:\/\/periodicolarepublica.com\/index.php\/2025\/03\/28\/mopc-lleva-plan-de-pavimentacion-a-sectores-en-peravia\/","title":{"rendered":"MOPC lleva plan de pavimentaci\u00f3n a sectores en Peravia"},"content":{"rendered":"<p>El Ministerio de Obras P\u00fablicas y Comunicaciones (MOPC) ha llevado su plan de pavimentaci\u00f3n a sectores hist\u00f3ricamente olvidados, impactando comunidades como Los \u00d1ogos, El Manguito, La Bellaca, Callej\u00f3n de Mocho, La Granja y M\u00e9xico en Quij\u00e1 Quieta, entre otros.<\/p>\n<p>Matanzas despert\u00f3 con una alegr\u00eda que se siente en cada esquina. Entre el sonido de la maquinaria en acci\u00f3n, los residentes de esta comunidad de la provincia Peravia ven hacerse realidad un anhelo de m\u00e1s de dos d\u00e9cadas: el asfaltado de sus calles.<\/p>\n<p>Adem\u00e1s, en la carretera Matanzas-Salinas se han colocado 16 kil\u00f3metros de material asf\u00e1ltico y se trabaja en su se\u00f1alizaci\u00f3n vertical y horizontal, mejorando la seguridad vial de la zona.<\/p>\n<p>Direcci\u00f3n de Comunicaciones y Prensa<\/p>\n<p>28 de marzo de 2025.<\/p>\n<p><img loading=\"lazy\" decoding=\"async\" class=\"alignnone size-full wp-image-2908\" src=\"https:\/\/periodicolarepublica.com\/wp-content\/uploads\/2025\/03\/images-12.png\" alt=\"\" width=\"225\" height=\"225\" srcset=\"https:\/\/periodicolarepublica.com\/wp-content\/uploads\/2025\/03\/images-12.png?v=1743190064 225w, https:\/\/periodicolarepublica.com\/wp-content\/uploads\/2025\/03\/images-12-150x150.png?v=1743190064 150w\" sizes=\"auto, (max-width: 225px) 100vw, 225px\" \/><\/p>\n","protected":false},"excerpt":{"rendered":"<p>El Ministerio de Obras P\u00fablicas y Comunicaciones (MOPC) ha llevado su plan de pavimentaci\u00f3n a sectores hist\u00f3ricamente olvidados, impactando comunidades como Los \u00d1ogos, El Manguito, La Bellaca, Callej\u00f3n de Mocho, La Granja y M\u00e9xico en Quij\u00e1 Quieta, entre otros. Matanzas despert\u00f3 con una alegr\u00eda que se siente en cada esquina. Entre el sonido de la [&hellip;]<\/p>\n","protected":false},"author":6,"featured_media":2908,"comment_status":"open","ping_status":"open","sticky":false,"template":"","format":"standard","meta":{"om_disable_all_campaigns":false,"_monsterinsights_skip_tracking":false,"_monsterinsights_sitenote_active":false,"_monsterinsights_sitenote_note":"","_monsterinsights_sitenote_category":0,"footnotes":""},"categories":[1],"tags":[],"class_list":{"0":"post-2907","1":"post","2":"type-post","3":"status-publish","4":"format-standard","5":"has-post-thumbnail","7":"category-nacionales"},"aioseo_notices":[],"_links":{"self":[{"href":"https:\/\/periodicolarepublica.com\/index.php\/wp-json\/wp\/v2\/posts\/2907","targetHints":{"allow":["GET"]}}],"collection":[{"href":"https:\/\/periodicolarepublica.com\/index.php\/wp-json\/wp\/v2\/posts"}],"about":[{"href":"https:\/\/periodicolarepublica.com\/index.php\/wp-json\/wp\/v2\/types\/post"}],"author":[{"embeddable":true,"href":"https:\/\/periodicolarepublica.com\/index.php\/wp-json\/wp\/v2\/users\/6"}],"replies":[{"embeddable":true,"href":"https:\/\/periodicolarepublica.com\/index.php\/wp-json\/wp\/v2\/comments?post=2907"}],"version-history":[{"count":1,"href":"https:\/\/periodicolarepublica.com\/index.php\/wp-json\/wp\/v2\/posts\/2907\/revisions"}],"predecessor-version":[{"id":2909,"href":"https:\/\/periodicolarepublica.com\/index.php\/wp-json\/wp\/v2\/posts\/2907\/revisions\/2909"}],"wp:featuredmedia":[{"embeddable":true,"href":"https:\/\/periodicolarepublica.com\/index.php\/wp-json\/wp\/v2\/media\/2908"}],"wp:attachment":[{"href":"https:\/\/periodicolarepublica.com\/index.php\/wp-json\/wp\/v2\/media?parent=2907"}],"wp:term":[{"taxonomy":"category","embeddable":true,"href":"https:\/\/periodicolarepublica.com\/index.php\/wp-json\/wp\/v2\/categories?post=2907"},{"taxonomy":"post_tag","embeddable":true,"href":"https:\/\/periodicolarepublica.com\/index.php\/wp-json\/wp\/v2\/tags?post=2907"}],"curies":[{"name":"wp","href":"https:\/\/api.w.org\/{rel}","templated":true}]}}