{"id":291,"date":"2023-12-24T18:18:05","date_gmt":"2023-12-24T17:18:05","guid":{"rendered":"https:\/\/periodicolarepublica.com\/?p=291"},"modified":"2023-12-24T18:18:05","modified_gmt":"2023-12-24T17:18:05","slug":"presidente-abinader-y-ministro-collado-entregan-obras-en-samana","status":"publish","type":"post","link":"https:\/\/periodicolarepublica.com\/index.php\/2023\/12\/24\/presidente-abinader-y-ministro-collado-entregan-obras-en-samana\/","title":{"rendered":"Presidente Abinader y ministro Collado entregan obras en Saman\u00e1"},"content":{"rendered":"<p><img loading=\"lazy\" decoding=\"async\" class=\"alignnone size-medium wp-image-289\" src=\"https:\/\/periodicolarepublica.com\/wp-content\/uploads\/2023\/12\/41450a6f-1fae-424f-aa2a-9540b9605970-1-300x200.jpeg\" alt=\"\" width=\"300\" height=\"200\" srcset=\"https:\/\/periodicolarepublica.com\/wp-content\/uploads\/2023\/12\/41450a6f-1fae-424f-aa2a-9540b9605970-1-300x200.jpeg?v=1715379842 300w, https:\/\/periodicolarepublica.com\/wp-content\/uploads\/2023\/12\/41450a6f-1fae-424f-aa2a-9540b9605970-1-1024x683.jpeg?v=1715379842 1024w, https:\/\/periodicolarepublica.com\/wp-content\/uploads\/2023\/12\/41450a6f-1fae-424f-aa2a-9540b9605970-1-768x512.jpeg?v=1715379842 768w, https:\/\/periodicolarepublica.com\/wp-content\/uploads\/2023\/12\/41450a6f-1fae-424f-aa2a-9540b9605970-1-1536x1024.jpeg?v=1715379842 1536w, https:\/\/periodicolarepublica.com\/wp-content\/uploads\/2023\/12\/41450a6f-1fae-424f-aa2a-9540b9605970-1-2048x1366.jpeg?v=1715379842 2048w, https:\/\/periodicolarepublica.com\/wp-content\/uploads\/2023\/12\/41450a6f-1fae-424f-aa2a-9540b9605970-1-150x100.jpeg?v=1715379842 150w, https:\/\/periodicolarepublica.com\/wp-content\/uploads\/2023\/12\/41450a6f-1fae-424f-aa2a-9540b9605970-1-600x400.jpeg?v=1715379842 600w, https:\/\/periodicolarepublica.com\/wp-content\/uploads\/2023\/12\/41450a6f-1fae-424f-aa2a-9540b9605970-1-696x464.jpeg?v=1715379842 696w, https:\/\/periodicolarepublica.com\/wp-content\/uploads\/2023\/12\/41450a6f-1fae-424f-aa2a-9540b9605970-1-1392x928.jpeg?v=1715379842 1392w, https:\/\/periodicolarepublica.com\/wp-content\/uploads\/2023\/12\/41450a6f-1fae-424f-aa2a-9540b9605970-1-1068x712.jpeg?v=1715379842 1068w, https:\/\/periodicolarepublica.com\/wp-content\/uploads\/2023\/12\/41450a6f-1fae-424f-aa2a-9540b9605970-1-1920x1280.jpeg?v=1715379842 1920w\" sizes=\"auto, (max-width: 300px) 100vw, 300px\" \/>Las obras entregadas especificamente en Las Galeras de Samana,\u00a0 consisten en la reconstrucci\u00f3n de la plaza de vendedores y habilitaci\u00f3n de acceso peatonal a la playa Las Galeras, reconstrucci\u00f3n vial y la construcci\u00f3n de l\u00ednea colectora de aguas residuales en la calle principal, por un monto de 206 millones de pesos, las cuales contribuyen a que m\u00e1s turistas nacionales y extranjeros visiten la zona, garantizando, tambi\u00e9n, una mejor calidad de vida para los mun\u00edcipes.<\/p>\n","protected":false},"excerpt":{"rendered":"<p>Las obras entregadas especificamente en Las Galeras de Samana,\u00a0 consisten en la reconstrucci\u00f3n de la plaza de vendedores y habilitaci\u00f3n de acceso peatonal a la playa Las Galeras, reconstrucci\u00f3n vial y la construcci\u00f3n de l\u00ednea colectora de aguas residuales en la calle principal, por un monto de 206 millones de pesos, las cuales contribuyen a [&hellip;]<\/p>\n","protected":false},"author":1,"featured_media":289,"comment_status":"open","ping_status":"open","sticky":false,"template":"","format":"standard","meta":{"om_disable_all_campaigns":false,"_monsterinsights_skip_tracking":false,"_monsterinsights_sitenote_active":false,"_monsterinsights_sitenote_note":"","_monsterinsights_sitenote_category":0,"footnotes":""},"categories":[20],"tags":[48,30,49,51,50],"class_list":{"0":"post-291","1":"post","2":"type-post","3":"status-publish","4":"format-standard","5":"has-post-thumbnail","7":"category-turismo","8":"tag-abinader","9":"tag-david-collado","10":"tag-las-galeras","11":"tag-playa","12":"tag-samana"},"aioseo_notices":[],"_links":{"self":[{"href":"https:\/\/periodicolarepublica.com\/index.php\/wp-json\/wp\/v2\/posts\/291","targetHints":{"allow":["GET"]}}],"collection":[{"href":"https:\/\/periodicolarepublica.com\/index.php\/wp-json\/wp\/v2\/posts"}],"about":[{"href":"https:\/\/periodicolarepublica.com\/index.php\/wp-json\/wp\/v2\/types\/post"}],"author":[{"embeddable":true,"href":"https:\/\/periodicolarepublica.com\/index.php\/wp-json\/wp\/v2\/users\/1"}],"replies":[{"embeddable":true,"href":"https:\/\/periodicolarepublica.com\/index.php\/wp-json\/wp\/v2\/comments?post=291"}],"version-history":[{"count":1,"href":"https:\/\/periodicolarepublica.com\/index.php\/wp-json\/wp\/v2\/posts\/291\/revisions"}],"predecessor-version":[{"id":292,"href":"https:\/\/periodicolarepublica.com\/index.php\/wp-json\/wp\/v2\/posts\/291\/revisions\/292"}],"wp:featuredmedia":[{"embeddable":true,"href":"https:\/\/periodicolarepublica.com\/index.php\/wp-json\/wp\/v2\/media\/289"}],"wp:attachment":[{"href":"https:\/\/periodicolarepublica.com\/index.php\/wp-json\/wp\/v2\/media?parent=291"}],"wp:term":[{"taxonomy":"category","embeddable":true,"href":"https:\/\/periodicolarepublica.com\/index.php\/wp-json\/wp\/v2\/categories?post=291"},{"taxonomy":"post_tag","embeddable":true,"href":"https:\/\/periodicolarepublica.com\/index.php\/wp-json\/wp\/v2\/tags?post=291"}],"curies":[{"name":"wp","href":"https:\/\/api.w.org\/{rel}","templated":true}]}}