{"id":2910,"date":"2025-03-29T15:06:01","date_gmt":"2025-03-29T14:06:01","guid":{"rendered":"https:\/\/periodicolarepublica.com\/?p=2910"},"modified":"2025-03-29T15:06:01","modified_gmt":"2025-03-29T14:06:01","slug":"programa-el-gobierno-en-la-provincias-inicia-en-montecristi-bajo-la-direccion-del-ministro-joel-santos","status":"publish","type":"post","link":"https:\/\/periodicolarepublica.com\/index.php\/2025\/03\/29\/programa-el-gobierno-en-la-provincias-inicia-en-montecristi-bajo-la-direccion-del-ministro-joel-santos\/","title":{"rendered":"Programa \u201cEl Gobierno en la Provincias\u201d inicia en Montecristi bajo la direcci\u00f3n del ministro Joel Santos"},"content":{"rendered":"<p>La iniciativa busca levantar informaci\u00f3n de primera mano para acelerar las respuestas a las necesidades de la gente_<\/p>\n<p>*Montecristi.* \u2013 En un esfuerzo por acercar las acciones del Gobierno central a las comunidades, inici\u00f3 este s\u00e1bado en Montecristi la jornada \u201cEl Gobierno en la Provincia\u201d, encabezada por el ministro de Energ\u00eda y Minas, Joel Santos, en colaboraci\u00f3n con la gobernadora de la demarcaci\u00f3n Nelsy Cruz.<\/p>\n<p>Este programa forma parte de una estrategia nacional que busca reforzar la presencia del Gobierno en todo el territorio dominicano y garantizar respuestas oportunas a las necesidades de la ciudadan\u00eda.<\/p>\n<p>En ese sentido, el ministro Santos expres\u00f3 que la idea es tener una jornada completa de trabajo, donde se conversar\u00e1 con l\u00edderes locales, funcionarios y responsables de las principales obras de la provincia.<\/p>\n<p>\u201cLas expectativas son muy positivas sobre c\u00f3mo esta iniciativa puede fortalecer la colaboraci\u00f3n entre el Gobierno central y las autoridades provinciales para continuar impulsando el desarrollo de Montecristi\u201d, indic\u00f3 .<\/p>\n<p>Santos destac\u00f3 que el trabajo de equipo es fundamental para poder lograr las metas trazadas, por lo que \u00e9l, como ministro de Energ\u00eda y Minas se compromete a dar seguimiento a todos los trabajos a realizar, ya que esta no es una actividad de un d\u00eda.<\/p>\n<p>\u201cEsta es una provincia que tiene gran potencial, una provincia que est\u00e1 viendo inversiones importantes y tenemos que buscar la manera de que esas inversiones tambi\u00e9n vayan de la mano con el desarrollo de las comunidades, que las infraestructuras se adecuen a esas inversiones. Que la gente diga \u201cnos estamos beneficiando de ese desarrollo\u201d y ese es un trabajo que tenemos que estar realizando todos\u201d, precis\u00f3 .<\/p>\n<p>El ministro Santos es acompa\u00f1ado de la directora de Gabinete, Carmen Minaya; el asesor Joel Ram\u00edrez y el director de Gesti\u00f3n Social Comunitaria, Vladimir Ozorio.<\/p>\n<p>Entre tanto , la gobernadora Nelsy Cruz destac\u00f3 la relevancia del programa para la regi\u00f3n y augur\u00f3 una buena jornada de trabajo. \u201cHoy se inicia el \u201cGobierno en las provincias\u201d, una iniciativa del gobierno central , del presidente Luis Abinader, para darle respuesta a las provincias. Lleg\u00f3 el momento de trabajar, de hacer una sinergia, y que se puedan lograr los objetivos que se van a trazar el d\u00eda de hoy.<\/p>\n<p>Bienvenidos , que esa sea una jornada de trabajo productiva y que se puedan ver los frutos de este trabajo colectivo\u201d, dijo.<\/p>\n<p>*El Gobierno en las Provincias*<\/p>\n<p>El programa \u201cEl Gobierno en las Provincias\u201d busca levantar informaci\u00f3n de primera mano para acelerar las respuestas a las necesidades de la poblaci\u00f3n.<\/p>\n<p>Durante esta jornada, ministros, directores generales y altos funcionarios se desplazar\u00e1n a todas las provincias del pa\u00eds para sostener encuentros directos con autoridades locales, l\u00edderes sociales y ciudadanos.<\/p>\n<p>Los funcionarios evaluar\u00e1n el avance de obras en ejecuci\u00f3n para garantizar su desarrollo conforme a los objetivos establecidos.<\/p>\n<p>Adem\u00e1s, realizar\u00e1n reuniones con sectores estrat\u00e9gicos como l\u00edderes comunitarios, religiosos, organizaciones sociales y medios de comunicaci\u00f3n para identificar y priorizar las necesidades locales.<\/p>\n<p>&nbsp;<\/p>\n<p>Con esta jornada, el Gobierno dominicano refuerza su compromiso de estar m\u00e1s cerca de la gente, escuchando sus demandas y transformando las comunidades a trav\u00e9s de pol\u00edticas p\u00fablicas que lleguen de manera efectiva a cada rinc\u00f3n del pa\u00eds.<\/p>\n<p>*Direcci\u00f3n de Comunicaciones*<\/p>\n<p>29 de marzo de 2025<\/p>\n<p><img loading=\"lazy\" decoding=\"async\" class=\"alignnone size-medium wp-image-2911\" src=\"https:\/\/periodicolarepublica.com\/wp-content\/uploads\/2025\/03\/fachada-MEM-1-300x169.webp\" alt=\"\" width=\"300\" height=\"169\" \/><\/p>\n","protected":false},"excerpt":{"rendered":"<p>La iniciativa busca levantar informaci\u00f3n de primera mano para acelerar las respuestas a las necesidades de la gente_ *Montecristi.* \u2013 En un esfuerzo por acercar las acciones del Gobierno central a las comunidades, inici\u00f3 este s\u00e1bado en Montecristi la jornada \u201cEl Gobierno en la Provincia\u201d, encabezada por el ministro de Energ\u00eda y Minas, Joel Santos, [&hellip;]<\/p>\n","protected":false},"author":6,"featured_media":2911,"comment_status":"open","ping_status":"open","sticky":false,"template":"","format":"standard","meta":{"om_disable_all_campaigns":false,"_monsterinsights_skip_tracking":false,"_monsterinsights_sitenote_active":false,"_monsterinsights_sitenote_note":"","_monsterinsights_sitenote_category":0,"footnotes":""},"categories":[1],"tags":[],"class_list":{"0":"post-2910","1":"post","2":"type-post","3":"status-publish","4":"format-standard","5":"has-post-thumbnail","7":"category-nacionales"},"aioseo_notices":[],"_links":{"self":[{"href":"https:\/\/periodicolarepublica.com\/index.php\/wp-json\/wp\/v2\/posts\/2910","targetHints":{"allow":["GET"]}}],"collection":[{"href":"https:\/\/periodicolarepublica.com\/index.php\/wp-json\/wp\/v2\/posts"}],"about":[{"href":"https:\/\/periodicolarepublica.com\/index.php\/wp-json\/wp\/v2\/types\/post"}],"author":[{"embeddable":true,"href":"https:\/\/periodicolarepublica.com\/index.php\/wp-json\/wp\/v2\/users\/6"}],"replies":[{"embeddable":true,"href":"https:\/\/periodicolarepublica.com\/index.php\/wp-json\/wp\/v2\/comments?post=2910"}],"version-history":[{"count":1,"href":"https:\/\/periodicolarepublica.com\/index.php\/wp-json\/wp\/v2\/posts\/2910\/revisions"}],"predecessor-version":[{"id":2912,"href":"https:\/\/periodicolarepublica.com\/index.php\/wp-json\/wp\/v2\/posts\/2910\/revisions\/2912"}],"wp:featuredmedia":[{"embeddable":true,"href":"https:\/\/periodicolarepublica.com\/index.php\/wp-json\/wp\/v2\/media\/2911"}],"wp:attachment":[{"href":"https:\/\/periodicolarepublica.com\/index.php\/wp-json\/wp\/v2\/media?parent=2910"}],"wp:term":[{"taxonomy":"category","embeddable":true,"href":"https:\/\/periodicolarepublica.com\/index.php\/wp-json\/wp\/v2\/categories?post=2910"},{"taxonomy":"post_tag","embeddable":true,"href":"https:\/\/periodicolarepublica.com\/index.php\/wp-json\/wp\/v2\/tags?post=2910"}],"curies":[{"name":"wp","href":"https:\/\/api.w.org\/{rel}","templated":true}]}}