{"id":2913,"date":"2025-03-29T19:44:31","date_gmt":"2025-03-29T18:44:31","guid":{"rendered":"https:\/\/periodicolarepublica.com\/?p=2913"},"modified":"2025-03-29T19:44:31","modified_gmt":"2025-03-29T18:44:31","slug":"congreso-de-ee-uu-reconoce-al-reportero-grafico-dominicano-rigoberto-smith","status":"publish","type":"post","link":"https:\/\/periodicolarepublica.com\/index.php\/2025\/03\/29\/congreso-de-ee-uu-reconoce-al-reportero-grafico-dominicano-rigoberto-smith\/","title":{"rendered":"Congreso de EE.UU. reconoce al reportero gr\u00e1fico dominicano Rigoberto Smith\u00a0"},"content":{"rendered":"<p>En un acto realizado en Nueva York, el Congreso de los Estados Unidos rindi\u00f3 homenaje al reportero gr\u00e1fico dominicano Rigoberto Smith, oriundo de Puerto Plata, por su destacada trayectoria en el periodismo visual. Smith ha sido una figura clave en la cobertura de eventos de gran relevancia tanto a nivel nacional como internacional.<\/p>\n<p>El reconocimiento se produce en el marco de la celebraci\u00f3n del 35 aniversario de la Fundaci\u00f3n de Reporteros Gr\u00e1ficos de Televisi\u00f3n de EE.UU., una organizaci\u00f3n que agrupa a los profesionales m\u00e1s destacados de la fotograf\u00eda y el video en el \u00e1mbito televisivo. Este homenaje resalta la importancia de la labor de los reporteros gr\u00e1ficos, cuya contribuci\u00f3n ha sido fundamental para garantizar la transparencia de la informaci\u00f3n y la correcta representaci\u00f3n de los hechos.<\/p>\n<p>Durante el evento, se destac\u00f3 la excepcional dedicaci\u00f3n de Rigoberto Smith, quien con su c\u00e1mara ha capturado momentos clave de la historia reciente. Su trabajo ha sido fundamental para la comprensi\u00f3n de eventos en distintos rincones del pa\u00eds y el mundo, mostr\u00e1ndonos una visi\u00f3n \u00fanica y profunda de las realidades que ocurren detr\u00e1s de cada noticia.<\/p>\n<p>Con esta distinci\u00f3n, el Congreso de EE.UU. no solo celebra el compromiso de Smith con la informaci\u00f3n veraz, sino que tambi\u00e9n subraya el papel crucial de los reporteros gr\u00e1ficos en la sociedad moderna. Al ser parte de una profesi\u00f3n cada vez m\u00e1s desafiante, estos periodistas visuales contin\u00faan enfrentando riesgos para garantizar que el p\u00fablico reciba una representaci\u00f3n fidedigna de los hechos.<\/p>\n<p>Este reconocimiento tambi\u00e9n pone en evidencia el impacto internacional de los profesionales del periodismo, como Smith, que nacen fuera de las fronteras de Estados Unidos y contribuyen al mundo de la informaci\u00f3n global.<\/p>\n<p><img loading=\"lazy\" decoding=\"async\" class=\"alignnone size-medium wp-image-2914\" src=\"https:\/\/periodicolarepublica.com\/wp-content\/uploads\/2025\/03\/IMG-20250329-WA0011-300x231.jpg\" alt=\"\" width=\"300\" height=\"231\" srcset=\"https:\/\/periodicolarepublica.com\/wp-content\/uploads\/2025\/03\/IMG-20250329-WA0011-300x231.jpg?v=1743273863 300w, https:\/\/periodicolarepublica.com\/wp-content\/uploads\/2025\/03\/IMG-20250329-WA0011-1024x788.jpg?v=1743273863 1024w, https:\/\/periodicolarepublica.com\/wp-content\/uploads\/2025\/03\/IMG-20250329-WA0011-768x591.jpg?v=1743273863 768w, https:\/\/periodicolarepublica.com\/wp-content\/uploads\/2025\/03\/IMG-20250329-WA0011-150x115.jpg?v=1743273863 150w, https:\/\/periodicolarepublica.com\/wp-content\/uploads\/2025\/03\/IMG-20250329-WA0011-600x462.jpg?v=1743273863 600w, https:\/\/periodicolarepublica.com\/wp-content\/uploads\/2025\/03\/IMG-20250329-WA0011-696x536.jpg?v=1743273863 696w, https:\/\/periodicolarepublica.com\/wp-content\/uploads\/2025\/03\/IMG-20250329-WA0011-1068x822.jpg?v=1743273863 1068w, https:\/\/periodicolarepublica.com\/wp-content\/uploads\/2025\/03\/IMG-20250329-WA0011.jpg?v=1743273863 1080w\" sizes=\"auto, (max-width: 300px) 100vw, 300px\" \/><\/p>\n","protected":false},"excerpt":{"rendered":"<p>En un acto realizado en Nueva York, el Congreso de los Estados Unidos rindi\u00f3 homenaje al reportero gr\u00e1fico dominicano Rigoberto Smith, oriundo de Puerto Plata, por su destacada trayectoria en el periodismo visual. Smith ha sido una figura clave en la cobertura de eventos de gran relevancia tanto a nivel nacional como internacional. El reconocimiento [&hellip;]<\/p>\n","protected":false},"author":1,"featured_media":2914,"comment_status":"open","ping_status":"open","sticky":false,"template":"","format":"standard","meta":{"om_disable_all_campaigns":false,"_monsterinsights_skip_tracking":false,"_monsterinsights_sitenote_active":false,"_monsterinsights_sitenote_note":"","_monsterinsights_sitenote_category":0,"footnotes":""},"categories":[1,20],"tags":[353],"class_list":{"0":"post-2913","1":"post","2":"type-post","3":"status-publish","4":"format-standard","5":"has-post-thumbnail","7":"category-nacionales","8":"category-turismo","9":"tag-rigoberto-smith"},"aioseo_notices":[],"_links":{"self":[{"href":"https:\/\/periodicolarepublica.com\/index.php\/wp-json\/wp\/v2\/posts\/2913","targetHints":{"allow":["GET"]}}],"collection":[{"href":"https:\/\/periodicolarepublica.com\/index.php\/wp-json\/wp\/v2\/posts"}],"about":[{"href":"https:\/\/periodicolarepublica.com\/index.php\/wp-json\/wp\/v2\/types\/post"}],"author":[{"embeddable":true,"href":"https:\/\/periodicolarepublica.com\/index.php\/wp-json\/wp\/v2\/users\/1"}],"replies":[{"embeddable":true,"href":"https:\/\/periodicolarepublica.com\/index.php\/wp-json\/wp\/v2\/comments?post=2913"}],"version-history":[{"count":1,"href":"https:\/\/periodicolarepublica.com\/index.php\/wp-json\/wp\/v2\/posts\/2913\/revisions"}],"predecessor-version":[{"id":2915,"href":"https:\/\/periodicolarepublica.com\/index.php\/wp-json\/wp\/v2\/posts\/2913\/revisions\/2915"}],"wp:featuredmedia":[{"embeddable":true,"href":"https:\/\/periodicolarepublica.com\/index.php\/wp-json\/wp\/v2\/media\/2914"}],"wp:attachment":[{"href":"https:\/\/periodicolarepublica.com\/index.php\/wp-json\/wp\/v2\/media?parent=2913"}],"wp:term":[{"taxonomy":"category","embeddable":true,"href":"https:\/\/periodicolarepublica.com\/index.php\/wp-json\/wp\/v2\/categories?post=2913"},{"taxonomy":"post_tag","embeddable":true,"href":"https:\/\/periodicolarepublica.com\/index.php\/wp-json\/wp\/v2\/tags?post=2913"}],"curies":[{"name":"wp","href":"https:\/\/api.w.org\/{rel}","templated":true}]}}