{"id":2918,"date":"2025-03-29T23:54:13","date_gmt":"2025-03-29T22:54:13","guid":{"rendered":"https:\/\/periodicolarepublica.com\/?p=2918"},"modified":"2025-03-29T23:54:13","modified_gmt":"2025-03-29T22:54:13","slug":"ministro-neney-cabrera-encabeza-inicio-el-gobierno-en-las-provincias-en-la-romana","status":"publish","type":"post","link":"https:\/\/periodicolarepublica.com\/index.php\/2025\/03\/29\/ministro-neney-cabrera-encabeza-inicio-el-gobierno-en-las-provincias-en-la-romana\/","title":{"rendered":"Ministro Neney Cabrera encabeza  inicio \u201c El gobierno en Las provincias\u201c en La Romana"},"content":{"rendered":"<p>*La Romana RD*. El ministro Jose Leonel Cabrera (Neney) junto a las autoridades municipales y del gobierno encabezo este s\u00e1bado el inicio del \u201c El Gobierno en las Provincias\u201d en esta provincia donde escuch\u00f3 las principales necesidades que afectan esta demarcaci\u00f3n.<\/p>\n<p>Neney Cabrera es conocido por su efectividad en el trabajo de campo y buscarle soluciones a los problemas que afectan la poblaci\u00f3n junto a las autoridades le buscar\u00e1n soluciones a los problemas que afectan a esta provincia de La Romana y sus municipios explic\u00f3 el concepto de esta iniciativa que es idea del presidente Luis Abinader.<\/p>\n<p>El funcionario precis\u00f3 que \u201cEsta iniciativa, tiene el prop\u00f3sito de fortalecer el v\u00ednculo entre el gobierno y la gente a trav\u00e9s de acercamientos que permitan conocer y comprender la realidad y los principales desaf\u00edos de cada provincia y municipio del pa\u00eds\u201d, explic\u00f3<\/p>\n<p>Cabrera indic\u00f3 que instituci\u00f3n gubernamental tendr\u00e1 en su agenda encuentros comunitarios, levantamiento de informaci\u00f3n actualizada, supervisi\u00f3n directa de proyectos de inversi\u00f3n p\u00fablica y di\u00e1logos con sectores estrat\u00e9gicos como l\u00edderes religiosos, organizaciones sociales y medios de comunicaci\u00f3n.<\/p>\n<p>Adem\u00e1s de Cabrera y los representantes de la Juntas de Vecinos, estuvieron presentes la gobernadora civil provincial Ivelisse Mercedes Mercedes, la senadora Jacqueline Fern\u00e1ndez, el alcalde municipal Edwardo Kerry Metiviel y los alcaldes de los diferentes municipios y distritos municipales de la provincia.<img loading=\"lazy\" decoding=\"async\" class=\"alignnone size-medium wp-image-2919\" src=\"https:\/\/periodicolarepublica.com\/wp-content\/uploads\/2025\/03\/IMG-20250329-WA0489-300x200.jpg\" alt=\"\" width=\"300\" height=\"200\" srcset=\"https:\/\/periodicolarepublica.com\/wp-content\/uploads\/2025\/03\/IMG-20250329-WA0489-300x200.jpg?v=1743288834 300w, https:\/\/periodicolarepublica.com\/wp-content\/uploads\/2025\/03\/IMG-20250329-WA0489-1024x682.jpg?v=1743288834 1024w, https:\/\/periodicolarepublica.com\/wp-content\/uploads\/2025\/03\/IMG-20250329-WA0489-768x512.jpg?v=1743288834 768w, https:\/\/periodicolarepublica.com\/wp-content\/uploads\/2025\/03\/IMG-20250329-WA0489-1536x1023.jpg?v=1743288834 1536w, https:\/\/periodicolarepublica.com\/wp-content\/uploads\/2025\/03\/IMG-20250329-WA0489-150x100.jpg?v=1743288834 150w, https:\/\/periodicolarepublica.com\/wp-content\/uploads\/2025\/03\/IMG-20250329-WA0489-600x400.jpg?v=1743288834 600w, https:\/\/periodicolarepublica.com\/wp-content\/uploads\/2025\/03\/IMG-20250329-WA0489-696x464.jpg?v=1743288834 696w, https:\/\/periodicolarepublica.com\/wp-content\/uploads\/2025\/03\/IMG-20250329-WA0489-1392x927.jpg?v=1743288834 1392w, https:\/\/periodicolarepublica.com\/wp-content\/uploads\/2025\/03\/IMG-20250329-WA0489-1068x712.jpg?v=1743288834 1068w, https:\/\/periodicolarepublica.com\/wp-content\/uploads\/2025\/03\/IMG-20250329-WA0489.jpg?v=1743288834 1600w\" sizes=\"auto, (max-width: 300px) 100vw, 300px\" \/><\/p>\n","protected":false},"excerpt":{"rendered":"<p>*La Romana RD*. El ministro Jose Leonel Cabrera (Neney) junto a las autoridades municipales y del gobierno encabezo este s\u00e1bado el inicio del \u201c El Gobierno en las Provincias\u201d en esta provincia donde escuch\u00f3 las principales necesidades que afectan esta demarcaci\u00f3n. Neney Cabrera es conocido por su efectividad en el trabajo de campo y buscarle [&hellip;]<\/p>\n","protected":false},"author":10,"featured_media":2919,"comment_status":"open","ping_status":"open","sticky":false,"template":"","format":"standard","meta":{"om_disable_all_campaigns":false,"_monsterinsights_skip_tracking":false,"_monsterinsights_sitenote_active":false,"_monsterinsights_sitenote_note":"","_monsterinsights_sitenote_category":0,"footnotes":""},"categories":[1],"tags":[],"class_list":{"0":"post-2918","1":"post","2":"type-post","3":"status-publish","4":"format-standard","5":"has-post-thumbnail","7":"category-nacionales"},"aioseo_notices":[],"_links":{"self":[{"href":"https:\/\/periodicolarepublica.com\/index.php\/wp-json\/wp\/v2\/posts\/2918","targetHints":{"allow":["GET"]}}],"collection":[{"href":"https:\/\/periodicolarepublica.com\/index.php\/wp-json\/wp\/v2\/posts"}],"about":[{"href":"https:\/\/periodicolarepublica.com\/index.php\/wp-json\/wp\/v2\/types\/post"}],"author":[{"embeddable":true,"href":"https:\/\/periodicolarepublica.com\/index.php\/wp-json\/wp\/v2\/users\/10"}],"replies":[{"embeddable":true,"href":"https:\/\/periodicolarepublica.com\/index.php\/wp-json\/wp\/v2\/comments?post=2918"}],"version-history":[{"count":1,"href":"https:\/\/periodicolarepublica.com\/index.php\/wp-json\/wp\/v2\/posts\/2918\/revisions"}],"predecessor-version":[{"id":2920,"href":"https:\/\/periodicolarepublica.com\/index.php\/wp-json\/wp\/v2\/posts\/2918\/revisions\/2920"}],"wp:featuredmedia":[{"embeddable":true,"href":"https:\/\/periodicolarepublica.com\/index.php\/wp-json\/wp\/v2\/media\/2919"}],"wp:attachment":[{"href":"https:\/\/periodicolarepublica.com\/index.php\/wp-json\/wp\/v2\/media?parent=2918"}],"wp:term":[{"taxonomy":"category","embeddable":true,"href":"https:\/\/periodicolarepublica.com\/index.php\/wp-json\/wp\/v2\/categories?post=2918"},{"taxonomy":"post_tag","embeddable":true,"href":"https:\/\/periodicolarepublica.com\/index.php\/wp-json\/wp\/v2\/tags?post=2918"}],"curies":[{"name":"wp","href":"https:\/\/api.w.org\/{rel}","templated":true}]}}