{"id":2922,"date":"2025-03-31T04:13:02","date_gmt":"2025-03-31T02:13:02","guid":{"rendered":"https:\/\/periodicolarepublica.com\/?p=2922"},"modified":"2025-03-31T04:13:02","modified_gmt":"2025-03-31T02:13:02","slug":"los-premios-oriente-reconocen-la-labor-social-del-dr-adolfo-portes-alcantara-y-rafelito-de-los-santos","status":"publish","type":"post","link":"https:\/\/periodicolarepublica.com\/index.php\/2025\/03\/31\/los-premios-oriente-reconocen-la-labor-social-del-dr-adolfo-portes-alcantara-y-rafelito-de-los-santos\/","title":{"rendered":"Los Premios Oriente reconocen la labor social del Dr. Adolfo Portes Alc\u00e1ntara y Rafelito de los Santos"},"content":{"rendered":"<p>La Romana, \u2013 En una emotiva ceremonia celebrada en el restaurante Bibelenke Piano Bar, en la provincia de La Romana, los prestigiosos Premios Oriente rindieron homenaje al Dr. Adolfo Portes Alc\u00e1ntara y a Rafelito de los Santos por su destacada labor en el \u00e1mbito social.<\/p>\n<p>El reconocimiento fue entregado por el presidente de los Premios Oriente, J.C. Mart\u00ednez, quien destac\u00f3 la invaluable contribuci\u00f3n de los galardonados al bienestar de la comunidad. Durante el evento, se cont\u00f3 con la presencia de importantes personalidades, incluyendo al reconocido merenguero Monchis Capricho y otros invitados especiales.<\/p>\n<p>Estos premios, que buscan enaltecer el esfuerzo y dedicaci\u00f3n de figuras influyentes en distintos \u00e1mbitos, contin\u00faan consolid\u00e1ndose como un referente en la regi\u00f3n. La ceremonia estuvo marcada por un ambiente de celebraci\u00f3n y gratitud, en el que se resalt\u00f3 el impacto positivo de los homenajeados en la sociedad.<\/p>\n<p>Para m\u00e1s informaci\u00f3n sobre los Premios Oriente y futuras ediciones, los interesados pueden contactar a la organizaci\u00f3n a trav\u00e9s de sus canales oficiales.<img loading=\"lazy\" decoding=\"async\" class=\"size-medium wp-image-2923 alignright\" src=\"https:\/\/periodicolarepublica.com\/wp-content\/uploads\/2025\/03\/IMG-20250330-WA0581-226x300.jpg\" alt=\"\" width=\"226\" height=\"300\" \/><\/p>\n","protected":false},"excerpt":{"rendered":"<p>La Romana, \u2013 En una emotiva ceremonia celebrada en el restaurante Bibelenke Piano Bar, en la provincia de La Romana, los prestigiosos Premios Oriente rindieron homenaje al Dr. Adolfo Portes Alc\u00e1ntara y a Rafelito de los Santos por su destacada labor en el \u00e1mbito social. El reconocimiento fue entregado por el presidente de los Premios [&hellip;]<\/p>\n","protected":false},"author":10,"featured_media":0,"comment_status":"open","ping_status":"open","sticky":false,"template":"","format":"standard","meta":{"om_disable_all_campaigns":false,"_monsterinsights_skip_tracking":false,"_monsterinsights_sitenote_active":false,"_monsterinsights_sitenote_note":"","_monsterinsights_sitenote_category":0,"footnotes":""},"categories":[1],"tags":[],"class_list":{"0":"post-2922","1":"post","2":"type-post","3":"status-publish","4":"format-standard","6":"category-nacionales"},"aioseo_notices":[],"_links":{"self":[{"href":"https:\/\/periodicolarepublica.com\/index.php\/wp-json\/wp\/v2\/posts\/2922","targetHints":{"allow":["GET"]}}],"collection":[{"href":"https:\/\/periodicolarepublica.com\/index.php\/wp-json\/wp\/v2\/posts"}],"about":[{"href":"https:\/\/periodicolarepublica.com\/index.php\/wp-json\/wp\/v2\/types\/post"}],"author":[{"embeddable":true,"href":"https:\/\/periodicolarepublica.com\/index.php\/wp-json\/wp\/v2\/users\/10"}],"replies":[{"embeddable":true,"href":"https:\/\/periodicolarepublica.com\/index.php\/wp-json\/wp\/v2\/comments?post=2922"}],"version-history":[{"count":1,"href":"https:\/\/periodicolarepublica.com\/index.php\/wp-json\/wp\/v2\/posts\/2922\/revisions"}],"predecessor-version":[{"id":2924,"href":"https:\/\/periodicolarepublica.com\/index.php\/wp-json\/wp\/v2\/posts\/2922\/revisions\/2924"}],"wp:attachment":[{"href":"https:\/\/periodicolarepublica.com\/index.php\/wp-json\/wp\/v2\/media?parent=2922"}],"wp:term":[{"taxonomy":"category","embeddable":true,"href":"https:\/\/periodicolarepublica.com\/index.php\/wp-json\/wp\/v2\/categories?post=2922"},{"taxonomy":"post_tag","embeddable":true,"href":"https:\/\/periodicolarepublica.com\/index.php\/wp-json\/wp\/v2\/tags?post=2922"}],"curies":[{"name":"wp","href":"https:\/\/api.w.org\/{rel}","templated":true}]}}