{"id":2925,"date":"2025-03-31T15:18:06","date_gmt":"2025-03-31T13:18:06","guid":{"rendered":"https:\/\/periodicolarepublica.com\/?p=2925"},"modified":"2025-03-31T16:10:13","modified_gmt":"2025-03-31T14:10:13","slug":"tomas-hernandez-alberto-denuncia-disturbios-orquestados-por-la-oposicion-en-fruisa","status":"publish","type":"post","link":"https:\/\/periodicolarepublica.com\/index.php\/2025\/03\/31\/tomas-hernandez-alberto-denuncia-disturbios-orquestados-por-la-oposicion-en-fruisa\/","title":{"rendered":"Tom\u00e1s Hern\u00e1ndez Alberto,  denuncia disturbios orquestados por la oposici\u00f3n en Fruisa"},"content":{"rendered":"<p>Santo Domingo\u2014 Tom\u00e1s Hern\u00e1ndez Alberto, presidente del movimiento Poder P&#8217;AL Pueblo, ha acusado a la oposici\u00f3n de ser responsable de los disturbios que se produjeron durante la marcha pac\u00edfica realizada en el sector de Fruisa. Seg\u00fan Hern\u00e1ndez, estos actos fueron planeados para desacreditar al gobierno del presidente Luis Abinader y promover el caos y la violencia.<\/p>\n<p>Durante una conferencia de prensa, Hern\u00e1ndez explic\u00f3 que el gobierno, en conjunto con los organizadores de la marcha, hab\u00eda acordado medidas de seguridad para garantizar la paz y el orden. \u00abEl gobierno siempre ha mantenido la seguridad de todos los ciudadanos y de quienes decidieron manifestarse\u00bb, afirm\u00f3.<\/p>\n<p>Hern\u00e1ndez tambi\u00e9n destac\u00f3 el compromiso del presidente Abinader con la soberan\u00eda y la defensa del pa\u00eds, afirmando que \u00aben la historia de la naci\u00f3n no se hab\u00eda visto un presidente tan comprometido\u00bb. Esta declaraci\u00f3n refuerza la postura del movimiento en apoyo a las acciones del gobierno.<\/p>\n<p>En otro tema, Hern\u00e1ndez mencion\u00f3 que la administraci\u00f3n actual ha intensificado las deportaciones de ciudadanos irregulares hacia Hait\u00ed, destacando que estas acciones son visibles en las calles de todo el pa\u00eds. \u00abEl control migratorio est\u00e1 realizando su trabajo y continuaran\u00a0 deportando a todos aquellos que se encuentren de manera ilegal en nuestro territorio\u00bb, asegur\u00f3.<\/p>\n<p>Hern\u00e1ndez inst\u00f3 a la poblaci\u00f3n a mantenerse firme y a no dejarse llevar por la desinformaci\u00f3n que, seg\u00fan \u00e9l, se propaga desde la oposici\u00f3n. \u00abLa paz y la seguridad son prioridades para nuestro gobierno\u00bb, reiter\u00f3.<\/p>\n<p>El movimiento Poder P&#8217;AL Pueblo se compromete a seguir apoyando las iniciativas del gobierno en pro de la estabilidad y el bienestar de la naci\u00f3n. \u00abNosotros estamos aqu\u00ed para trabajar por un pa\u00eds m\u00e1s seguro y unido\u00bb, concluy\u00f3 Hern\u00e1ndez.<img loading=\"lazy\" decoding=\"async\" class=\"size-medium wp-image-2926 alignright\" src=\"https:\/\/periodicolarepublica.com\/wp-content\/uploads\/2025\/03\/IMG-20250331-WA0156-266x300.jpg\" alt=\"\" width=\"266\" height=\"300\" srcset=\"https:\/\/periodicolarepublica.com\/wp-content\/uploads\/2025\/03\/IMG-20250331-WA0156-266x300.jpg?v=1743427068 266w, https:\/\/periodicolarepublica.com\/wp-content\/uploads\/2025\/03\/IMG-20250331-WA0156-908x1024.jpg?v=1743427068 908w, https:\/\/periodicolarepublica.com\/wp-content\/uploads\/2025\/03\/IMG-20250331-WA0156-768x866.jpg?v=1743427068 768w, https:\/\/periodicolarepublica.com\/wp-content\/uploads\/2025\/03\/IMG-20250331-WA0156-150x169.jpg?v=1743427068 150w, https:\/\/periodicolarepublica.com\/wp-content\/uploads\/2025\/03\/IMG-20250331-WA0156-300x338.jpg?v=1743427068 300w, https:\/\/periodicolarepublica.com\/wp-content\/uploads\/2025\/03\/IMG-20250331-WA0156-600x676.jpg?v=1743427068 600w, https:\/\/periodicolarepublica.com\/wp-content\/uploads\/2025\/03\/IMG-20250331-WA0156-696x785.jpg?v=1743427068 696w, https:\/\/periodicolarepublica.com\/wp-content\/uploads\/2025\/03\/IMG-20250331-WA0156.jpg?v=1743427068 912w\" sizes=\"auto, (max-width: 266px) 100vw, 266px\" \/><\/p>\n","protected":false},"excerpt":{"rendered":"<p>Santo Domingo\u2014 Tom\u00e1s Hern\u00e1ndez Alberto, presidente del movimiento Poder P&#8217;AL Pueblo, ha acusado a la oposici\u00f3n de ser responsable de los disturbios que se produjeron durante la marcha pac\u00edfica realizada en el sector de Fruisa. Seg\u00fan Hern\u00e1ndez, estos actos fueron planeados para desacreditar al gobierno del presidente Luis Abinader y promover el caos y la [&hellip;]<\/p>\n","protected":false},"author":10,"featured_media":2926,"comment_status":"open","ping_status":"open","sticky":false,"template":"","format":"standard","meta":{"om_disable_all_campaigns":false,"_monsterinsights_skip_tracking":false,"_monsterinsights_sitenote_active":false,"_monsterinsights_sitenote_note":"","_monsterinsights_sitenote_category":0,"footnotes":""},"categories":[1],"tags":[163],"class_list":{"0":"post-2925","1":"post","2":"type-post","3":"status-publish","4":"format-standard","5":"has-post-thumbnail","7":"category-nacionales","8":"tag-tomas-hernandez-alberto"},"aioseo_notices":[],"_links":{"self":[{"href":"https:\/\/periodicolarepublica.com\/index.php\/wp-json\/wp\/v2\/posts\/2925","targetHints":{"allow":["GET"]}}],"collection":[{"href":"https:\/\/periodicolarepublica.com\/index.php\/wp-json\/wp\/v2\/posts"}],"about":[{"href":"https:\/\/periodicolarepublica.com\/index.php\/wp-json\/wp\/v2\/types\/post"}],"author":[{"embeddable":true,"href":"https:\/\/periodicolarepublica.com\/index.php\/wp-json\/wp\/v2\/users\/10"}],"replies":[{"embeddable":true,"href":"https:\/\/periodicolarepublica.com\/index.php\/wp-json\/wp\/v2\/comments?post=2925"}],"version-history":[{"count":3,"href":"https:\/\/periodicolarepublica.com\/index.php\/wp-json\/wp\/v2\/posts\/2925\/revisions"}],"predecessor-version":[{"id":2929,"href":"https:\/\/periodicolarepublica.com\/index.php\/wp-json\/wp\/v2\/posts\/2925\/revisions\/2929"}],"wp:featuredmedia":[{"embeddable":true,"href":"https:\/\/periodicolarepublica.com\/index.php\/wp-json\/wp\/v2\/media\/2926"}],"wp:attachment":[{"href":"https:\/\/periodicolarepublica.com\/index.php\/wp-json\/wp\/v2\/media?parent=2925"}],"wp:term":[{"taxonomy":"category","embeddable":true,"href":"https:\/\/periodicolarepublica.com\/index.php\/wp-json\/wp\/v2\/categories?post=2925"},{"taxonomy":"post_tag","embeddable":true,"href":"https:\/\/periodicolarepublica.com\/index.php\/wp-json\/wp\/v2\/tags?post=2925"}],"curies":[{"name":"wp","href":"https:\/\/api.w.org\/{rel}","templated":true}]}}