{"id":293,"date":"2023-12-27T18:39:34","date_gmt":"2023-12-27T17:39:34","guid":{"rendered":"https:\/\/periodicolarepublica.com\/?p=293"},"modified":"2023-12-27T18:39:34","modified_gmt":"2023-12-27T17:39:34","slug":"plasticos-por-juguetes-por-alcaldia-distrito-nacional","status":"publish","type":"post","link":"https:\/\/periodicolarepublica.com\/index.php\/2023\/12\/27\/plasticos-por-juguetes-por-alcaldia-distrito-nacional\/","title":{"rendered":"Pl\u00e1sticos por Juguetes por Alcaldia Distrito Nacional"},"content":{"rendered":"<p>La Alcaldesa Carolina Mej\u00eda, volvera a encabezar la actividad Pl\u00e1sticos por Juguetes, la cual se llevara a cabo en las instalaciones del Palacio Municipal, donde se incentiva el tema del reciclaje, cuidado al medio ambiente entregando jueguetes por motivo del dia de reyes.<img loading=\"lazy\" decoding=\"async\" class=\"size-medium wp-image-294 alignright\" src=\"https:\/\/periodicolarepublica.com\/wp-content\/uploads\/2023\/12\/Picsart_23-12-27_13-04-27-002-300x300.jpg\" alt=\"\" width=\"300\" height=\"300\" srcset=\"https:\/\/periodicolarepublica.com\/wp-content\/uploads\/2023\/12\/Picsart_23-12-27_13-04-27-002-300x300.jpg?v=1715379841 300w, https:\/\/periodicolarepublica.com\/wp-content\/uploads\/2023\/12\/Picsart_23-12-27_13-04-27-002-1024x1024.jpg?v=1715379841 1024w, https:\/\/periodicolarepublica.com\/wp-content\/uploads\/2023\/12\/Picsart_23-12-27_13-04-27-002-150x150.jpg?v=1715379841 150w, https:\/\/periodicolarepublica.com\/wp-content\/uploads\/2023\/12\/Picsart_23-12-27_13-04-27-002-768x768.jpg?v=1715379841 768w, https:\/\/periodicolarepublica.com\/wp-content\/uploads\/2023\/12\/Picsart_23-12-27_13-04-27-002-1536x1536.jpg?v=1715379841 1536w, https:\/\/periodicolarepublica.com\/wp-content\/uploads\/2023\/12\/Picsart_23-12-27_13-04-27-002-2048x2048.jpg?v=1715379841 2048w, https:\/\/periodicolarepublica.com\/wp-content\/uploads\/2023\/12\/Picsart_23-12-27_13-04-27-002-600x600.jpg?v=1715379841 600w, https:\/\/periodicolarepublica.com\/wp-content\/uploads\/2023\/12\/Picsart_23-12-27_13-04-27-002-696x696.jpg?v=1715379841 696w, https:\/\/periodicolarepublica.com\/wp-content\/uploads\/2023\/12\/Picsart_23-12-27_13-04-27-002-1392x1392.jpg?v=1715379841 1392w, https:\/\/periodicolarepublica.com\/wp-content\/uploads\/2023\/12\/Picsart_23-12-27_13-04-27-002-1068x1068.jpg?v=1715379841 1068w, https:\/\/periodicolarepublica.com\/wp-content\/uploads\/2023\/12\/Picsart_23-12-27_13-04-27-002-1920x1920.jpg?v=1715379841 1920w\" sizes=\"auto, (max-width: 300px) 100vw, 300px\" \/><\/p>\n","protected":false},"excerpt":{"rendered":"<p>La Alcaldesa Carolina Mej\u00eda, volvera a encabezar la actividad Pl\u00e1sticos por Juguetes, la cual se llevara a cabo en las instalaciones del Palacio Municipal, donde se incentiva el tema del reciclaje, cuidado al medio ambiente entregando jueguetes por motivo del dia de reyes.<\/p>\n","protected":false},"author":1,"featured_media":294,"comment_status":"open","ping_status":"open","sticky":false,"template":"","format":"standard","meta":{"om_disable_all_campaigns":false,"_monsterinsights_skip_tracking":false,"_monsterinsights_sitenote_active":false,"_monsterinsights_sitenote_note":"","_monsterinsights_sitenote_category":0,"footnotes":""},"categories":[1],"tags":[11,37,53,52],"class_list":{"0":"post-293","1":"post","2":"type-post","3":"status-publish","4":"format-standard","5":"has-post-thumbnail","7":"category-nacionales","8":"tag-navidad","9":"tag-carolina-mejia","10":"tag-dia-de-reyes","11":"tag-juguetes"},"aioseo_notices":[],"_links":{"self":[{"href":"https:\/\/periodicolarepublica.com\/index.php\/wp-json\/wp\/v2\/posts\/293","targetHints":{"allow":["GET"]}}],"collection":[{"href":"https:\/\/periodicolarepublica.com\/index.php\/wp-json\/wp\/v2\/posts"}],"about":[{"href":"https:\/\/periodicolarepublica.com\/index.php\/wp-json\/wp\/v2\/types\/post"}],"author":[{"embeddable":true,"href":"https:\/\/periodicolarepublica.com\/index.php\/wp-json\/wp\/v2\/users\/1"}],"replies":[{"embeddable":true,"href":"https:\/\/periodicolarepublica.com\/index.php\/wp-json\/wp\/v2\/comments?post=293"}],"version-history":[{"count":1,"href":"https:\/\/periodicolarepublica.com\/index.php\/wp-json\/wp\/v2\/posts\/293\/revisions"}],"predecessor-version":[{"id":295,"href":"https:\/\/periodicolarepublica.com\/index.php\/wp-json\/wp\/v2\/posts\/293\/revisions\/295"}],"wp:featuredmedia":[{"embeddable":true,"href":"https:\/\/periodicolarepublica.com\/index.php\/wp-json\/wp\/v2\/media\/294"}],"wp:attachment":[{"href":"https:\/\/periodicolarepublica.com\/index.php\/wp-json\/wp\/v2\/media?parent=293"}],"wp:term":[{"taxonomy":"category","embeddable":true,"href":"https:\/\/periodicolarepublica.com\/index.php\/wp-json\/wp\/v2\/categories?post=293"},{"taxonomy":"post_tag","embeddable":true,"href":"https:\/\/periodicolarepublica.com\/index.php\/wp-json\/wp\/v2\/tags?post=293"}],"curies":[{"name":"wp","href":"https:\/\/api.w.org\/{rel}","templated":true}]}}