{"id":2930,"date":"2025-03-31T21:23:07","date_gmt":"2025-03-31T19:23:07","guid":{"rendered":"https:\/\/periodicolarepublica.com\/?p=2930"},"modified":"2025-03-31T21:23:07","modified_gmt":"2025-03-31T19:23:07","slug":"2930","status":"publish","type":"post","link":"https:\/\/periodicolarepublica.com\/index.php\/2025\/03\/31\/2930\/","title":{"rendered":""},"content":{"rendered":"<p>Arajet y Boeing abren tercera convocatoria de su programa de formaci\u00f3n de pilotos comerciales \u201cCadetes de pilotos\u201d<\/p>\n<p>El programa est\u00e1 dirigido a j\u00f3venes dominicanos que desean iniciar una carrera aeron\u00e1utica<\/p>\n<p>&nbsp;<\/p>\n<p>&nbsp;<\/p>\n<p>&nbsp;<\/p>\n<p>Santo Domingo. &#8211; Arajet, la l\u00ednea a\u00e9rea dominicana, en colaboraci\u00f3n con el fabricante de aeronaves Boeing, anunci\u00f3 la apertura de la convocatoria a la tercera edici\u00f3n de su programa de becas para la formaci\u00f3n de pilotos comerciales denominado \u201ccadetes de pilotos\u201d.<\/p>\n<p>&nbsp;<\/p>\n<p>&nbsp;<\/p>\n<p>&nbsp;<\/p>\n<p>La aerol\u00ednea inform\u00f3 que este programa est\u00e1 dirigido a j\u00f3venes dominicanos que desean iniciar una carrera como pilotos comerciales en la industria aeron\u00e1utica, promoviendo as\u00ed el desarrollo del talento local, el fortalecimiento de la aviaci\u00f3n en la Rep\u00fablica Dominicana y convertir al pa\u00eds en el centro preferido de conexiones en el Caribe.<\/p>\n<p>&nbsp;<\/p>\n<p>&nbsp;<\/p>\n<p>&nbsp;<\/p>\n<p>Las solicitudes para las becas del Programa de Cadetes Piloto estar\u00e1n abiertas hasta el 17 de abril del 2025, as\u00ed mismo los criterios de elegibilidad y el proceso de solicitud a trav\u00e9s del sitio web oficial Arajet.com, espec\u00edficamente en la secci\u00f3n \u00abTrabaja para Arajet\u00bb. Como parte de los requisitos, quienes apliquen deben ser ciudadano dominicano, mayor de edad, poseer una licencia de piloto comercial (ICAO\/FAA) con un m\u00ednimo de 250 horas de experiencia de vuelo incluyendo multi-motor, disponer de visa americana y poseer un nivel m\u00ednimo 4 de ingl\u00e9s (ICAO).<\/p>\n<p><img loading=\"lazy\" decoding=\"async\" class=\"alignnone size-medium wp-image-2109\" src=\"https:\/\/periodicolarepublica.com\/wp-content\/uploads\/2024\/11\/Boeing_737_Max_-_HI1101_-_Arajet-300x200.jpg\" alt=\"\" width=\"300\" height=\"200\" srcset=\"https:\/\/periodicolarepublica.com\/wp-content\/uploads\/2024\/11\/Boeing_737_Max_-_HI1101_-_Arajet-300x200.jpg?v=1731517413 300w, https:\/\/periodicolarepublica.com\/wp-content\/uploads\/2024\/11\/Boeing_737_Max_-_HI1101_-_Arajet-1024x683.jpg?v=1731517413 1024w, https:\/\/periodicolarepublica.com\/wp-content\/uploads\/2024\/11\/Boeing_737_Max_-_HI1101_-_Arajet-768x512.jpg?v=1731517413 768w, https:\/\/periodicolarepublica.com\/wp-content\/uploads\/2024\/11\/Boeing_737_Max_-_HI1101_-_Arajet-150x100.jpg?v=1731517413 150w, https:\/\/periodicolarepublica.com\/wp-content\/uploads\/2024\/11\/Boeing_737_Max_-_HI1101_-_Arajet-600x400.jpg?v=1731517413 600w, https:\/\/periodicolarepublica.com\/wp-content\/uploads\/2024\/11\/Boeing_737_Max_-_HI1101_-_Arajet-696x464.jpg?v=1731517413 696w, https:\/\/periodicolarepublica.com\/wp-content\/uploads\/2024\/11\/Boeing_737_Max_-_HI1101_-_Arajet-1068x712.jpg?v=1731517413 1068w, https:\/\/periodicolarepublica.com\/wp-content\/uploads\/2024\/11\/Boeing_737_Max_-_HI1101_-_Arajet.jpg?v=1731517413 1200w\" sizes=\"auto, (max-width: 300px) 100vw, 300px\" \/><\/p>\n<p>&nbsp;<\/p>\n<p>&nbsp;<\/p>\n<p>&nbsp;<\/p>\n","protected":false},"excerpt":{"rendered":"<p>Arajet y Boeing abren tercera convocatoria de su programa de formaci\u00f3n de pilotos comerciales \u201cCadetes de pilotos\u201d El programa est\u00e1 dirigido a j\u00f3venes dominicanos que desean iniciar una carrera aeron\u00e1utica &nbsp; &nbsp; &nbsp; Santo Domingo. &#8211; Arajet, la l\u00ednea a\u00e9rea dominicana, en colaboraci\u00f3n con el fabricante de aeronaves Boeing, anunci\u00f3 la apertura de la convocatoria [&hellip;]<\/p>\n","protected":false},"author":6,"featured_media":2109,"comment_status":"open","ping_status":"open","sticky":false,"template":"","format":"standard","meta":{"om_disable_all_campaigns":false,"_monsterinsights_skip_tracking":false,"_monsterinsights_sitenote_active":false,"_monsterinsights_sitenote_note":"","_monsterinsights_sitenote_category":0,"footnotes":""},"categories":[1,20],"tags":[288],"class_list":{"0":"post-2930","1":"post","2":"type-post","3":"status-publish","4":"format-standard","5":"has-post-thumbnail","7":"category-nacionales","8":"category-turismo","9":"tag-arajet-com"},"aioseo_notices":[],"_links":{"self":[{"href":"https:\/\/periodicolarepublica.com\/index.php\/wp-json\/wp\/v2\/posts\/2930","targetHints":{"allow":["GET"]}}],"collection":[{"href":"https:\/\/periodicolarepublica.com\/index.php\/wp-json\/wp\/v2\/posts"}],"about":[{"href":"https:\/\/periodicolarepublica.com\/index.php\/wp-json\/wp\/v2\/types\/post"}],"author":[{"embeddable":true,"href":"https:\/\/periodicolarepublica.com\/index.php\/wp-json\/wp\/v2\/users\/6"}],"replies":[{"embeddable":true,"href":"https:\/\/periodicolarepublica.com\/index.php\/wp-json\/wp\/v2\/comments?post=2930"}],"version-history":[{"count":1,"href":"https:\/\/periodicolarepublica.com\/index.php\/wp-json\/wp\/v2\/posts\/2930\/revisions"}],"predecessor-version":[{"id":2931,"href":"https:\/\/periodicolarepublica.com\/index.php\/wp-json\/wp\/v2\/posts\/2930\/revisions\/2931"}],"wp:featuredmedia":[{"embeddable":true,"href":"https:\/\/periodicolarepublica.com\/index.php\/wp-json\/wp\/v2\/media\/2109"}],"wp:attachment":[{"href":"https:\/\/periodicolarepublica.com\/index.php\/wp-json\/wp\/v2\/media?parent=2930"}],"wp:term":[{"taxonomy":"category","embeddable":true,"href":"https:\/\/periodicolarepublica.com\/index.php\/wp-json\/wp\/v2\/categories?post=2930"},{"taxonomy":"post_tag","embeddable":true,"href":"https:\/\/periodicolarepublica.com\/index.php\/wp-json\/wp\/v2\/tags?post=2930"}],"curies":[{"name":"wp","href":"https:\/\/api.w.org\/{rel}","templated":true}]}}