{"id":2937,"date":"2025-04-03T04:33:11","date_gmt":"2025-04-03T02:33:11","guid":{"rendered":"https:\/\/periodicolarepublica.com\/?p=2937"},"modified":"2025-04-03T04:33:11","modified_gmt":"2025-04-03T02:33:11","slug":"carolina-mejia-lanza-programa-sectores-iluminados-mas-seguros-con-9-mil-luminarias-led-en-la-capital","status":"publish","type":"post","link":"https:\/\/periodicolarepublica.com\/index.php\/2025\/04\/03\/carolina-mejia-lanza-programa-sectores-iluminados-mas-seguros-con-9-mil-luminarias-led-en-la-capital\/","title":{"rendered":"Carolina Mej\u00eda lanza programa \u201csectores iluminados, m\u00e1s seguros\u201d con 9 mil luminarias led en la capital"},"content":{"rendered":"<p>Las primeras 589 l\u00e1mparas fueron colocadas en ensanche Quisqueya<\/p>\n<p>Santo Domingo, DN \u2013 Carolina Mej\u00eda entreg\u00f3 la primera etapa del proyecto \u201cSectores Iluminados, M\u00e1s Seguros\u201d, a trav\u00e9s del cual la Alcald\u00eda del Distrito Nacional est\u00e1 instalando 9,000 luminarias para eficientizar el sistema de alumbrado p\u00fablico en 23 sectores y 11 avenidas de las tres circunscripciones, ahorrando energ\u00eda y mejorando significativamente la visibilidad en calles, avenidas y parques.<\/p>\n<p>Al hacer entrega de las primeras 589 l\u00e1mparas, concernientes al ensanche Quisqueya, la alcaldesa precis\u00f3 que la implementaci\u00f3n de este gran proyecto garantiza una reducci\u00f3n en los costos operativos para la ciudad y un aumento de la seguridad, ya que un sistema de alumbrado eficiente mejora la calidad de vida de los habitantes, permitiendo el uso seguro y atractivo de espacios al aire libre durante la noche.<\/p>\n<p>&nbsp;<\/p>\n<p>Mej\u00eda explic\u00f3 que el plan completo tiene prevista la instalaci\u00f3n de 200 c\u00e1maras de videovigilancia que ser\u00e1n monitoreadas por el Sistema Nacional de Atenci\u00f3n a Emergencias y Seguridad 9-1-1. Adem\u00e1s, la colocaci\u00f3n de 9,000 fotoceldas, 500 brazos galvanizados, 80 postes y l\u00e1mparas ornamentales y 325 l\u00e1mparas solares.<\/p>\n<p>Durante el acto de entrega, llevado a cabo en el ensanche Quisqueya, la ejecutiva municipal se hizo acompa\u00f1ar de comunitarios en un recorrido por varias calles del sector para constatar la vistosidad que las nuevas luminarias aportaban.<\/p>\n<p>La instalaci\u00f3n de las l\u00e1mparas en diferentes sectores del Distrito Nacional cumple con todas las especificaciones t\u00e9cnicas requeridas por la Superintendencia de Electricidad.<\/p>\n<p>Asimismo, las luminarias tienen una vida \u00fatil prolongada de siete a\u00f1os de garant\u00eda y ocho a\u00f1os de garant\u00eda las fotoceldas verdes, reduciendo la necesidad de reemplazo frecuente, cumpliendo con los est\u00e1ndares de calidad de grado premiere.<\/p>\n<p><img loading=\"lazy\" decoding=\"async\" class=\"alignnone size-medium wp-image-2938\" src=\"https:\/\/periodicolarepublica.com\/wp-content\/uploads\/2025\/04\/IMG-20250402-WA0046-300x231.jpg\" alt=\"\" width=\"300\" height=\"231\" srcset=\"https:\/\/periodicolarepublica.com\/wp-content\/uploads\/2025\/04\/IMG-20250402-WA0046-300x231.jpg?v=1743647547 300w, https:\/\/periodicolarepublica.com\/wp-content\/uploads\/2025\/04\/IMG-20250402-WA0046-1024x788.jpg?v=1743647547 1024w, https:\/\/periodicolarepublica.com\/wp-content\/uploads\/2025\/04\/IMG-20250402-WA0046-768x591.jpg?v=1743647547 768w, https:\/\/periodicolarepublica.com\/wp-content\/uploads\/2025\/04\/IMG-20250402-WA0046-1536x1183.jpg?v=1743647547 1536w, https:\/\/periodicolarepublica.com\/wp-content\/uploads\/2025\/04\/IMG-20250402-WA0046-150x116.jpg?v=1743647547 150w, https:\/\/periodicolarepublica.com\/wp-content\/uploads\/2025\/04\/IMG-20250402-WA0046-600x462.jpg?v=1743647547 600w, https:\/\/periodicolarepublica.com\/wp-content\/uploads\/2025\/04\/IMG-20250402-WA0046-696x536.jpg?v=1743647547 696w, https:\/\/periodicolarepublica.com\/wp-content\/uploads\/2025\/04\/IMG-20250402-WA0046-1392x1072.jpg?v=1743647547 1392w, https:\/\/periodicolarepublica.com\/wp-content\/uploads\/2025\/04\/IMG-20250402-WA0046-1068x822.jpg?v=1743647547 1068w, https:\/\/periodicolarepublica.com\/wp-content\/uploads\/2025\/04\/IMG-20250402-WA0046.jpg?v=1743647547 1600w\" sizes=\"auto, (max-width: 300px) 100vw, 300px\" \/><\/p>\n","protected":false},"excerpt":{"rendered":"<p>Las primeras 589 l\u00e1mparas fueron colocadas en ensanche Quisqueya Santo Domingo, DN \u2013 Carolina Mej\u00eda entreg\u00f3 la primera etapa del proyecto \u201cSectores Iluminados, M\u00e1s Seguros\u201d, a trav\u00e9s del cual la Alcald\u00eda del Distrito Nacional est\u00e1 instalando 9,000 luminarias para eficientizar el sistema de alumbrado p\u00fablico en 23 sectores y 11 avenidas de las tres circunscripciones, [&hellip;]<\/p>\n","protected":false},"author":6,"featured_media":2938,"comment_status":"closed","ping_status":"open","sticky":false,"template":"","format":"standard","meta":{"om_disable_all_campaigns":false,"_monsterinsights_skip_tracking":false,"_monsterinsights_sitenote_active":false,"_monsterinsights_sitenote_note":"","_monsterinsights_sitenote_category":0,"footnotes":""},"categories":[1],"tags":[37,354],"class_list":{"0":"post-2937","1":"post","2":"type-post","3":"status-publish","4":"format-standard","5":"has-post-thumbnail","7":"category-nacionales","8":"tag-carolina-mejia","9":"tag-ensanche-quisqueya"},"aioseo_notices":[],"_links":{"self":[{"href":"https:\/\/periodicolarepublica.com\/index.php\/wp-json\/wp\/v2\/posts\/2937","targetHints":{"allow":["GET"]}}],"collection":[{"href":"https:\/\/periodicolarepublica.com\/index.php\/wp-json\/wp\/v2\/posts"}],"about":[{"href":"https:\/\/periodicolarepublica.com\/index.php\/wp-json\/wp\/v2\/types\/post"}],"author":[{"embeddable":true,"href":"https:\/\/periodicolarepublica.com\/index.php\/wp-json\/wp\/v2\/users\/6"}],"replies":[{"embeddable":true,"href":"https:\/\/periodicolarepublica.com\/index.php\/wp-json\/wp\/v2\/comments?post=2937"}],"version-history":[{"count":1,"href":"https:\/\/periodicolarepublica.com\/index.php\/wp-json\/wp\/v2\/posts\/2937\/revisions"}],"predecessor-version":[{"id":2939,"href":"https:\/\/periodicolarepublica.com\/index.php\/wp-json\/wp\/v2\/posts\/2937\/revisions\/2939"}],"wp:featuredmedia":[{"embeddable":true,"href":"https:\/\/periodicolarepublica.com\/index.php\/wp-json\/wp\/v2\/media\/2938"}],"wp:attachment":[{"href":"https:\/\/periodicolarepublica.com\/index.php\/wp-json\/wp\/v2\/media?parent=2937"}],"wp:term":[{"taxonomy":"category","embeddable":true,"href":"https:\/\/periodicolarepublica.com\/index.php\/wp-json\/wp\/v2\/categories?post=2937"},{"taxonomy":"post_tag","embeddable":true,"href":"https:\/\/periodicolarepublica.com\/index.php\/wp-json\/wp\/v2\/tags?post=2937"}],"curies":[{"name":"wp","href":"https:\/\/api.w.org\/{rel}","templated":true}]}}